{"id":40088,"date":"2025-08-22T10:58:14","date_gmt":"2025-08-22T10:58:14","guid":{"rendered":"https:\/\/www.europesays.com\/pt\/40088\/"},"modified":"2025-08-22T10:58:14","modified_gmt":"2025-08-22T10:58:14","slug":"samuel-declara-guerra-a-leona-apos-pedido-de-rosa","status":"publish","type":"post","link":"https:\/\/www.europesays.com\/pt\/40088\/","title":{"rendered":"Samuel declara guerra a Leona ap\u00f3s pedido de Rosa"},"content":{"rendered":"<p>Os pombinhos de &#8220;Dona de Mim&#8221; v\u00e3o entrar em uma verdadeira guerra nos pr\u00f3ximos cap\u00edtulos da novela das 19h. Mesmo <a href=\"https:\/\/www.ibahia.com\/diversao\/novelas\/dona-de-mim-samuel-toma-atitude-e-faz-proposta-romantica-para-leona-343828\" target=\"_blank\" data-rel-defined=\"\" rel=\"nofollow noopener\">namorando Leona<\/a> (Clara Moneke), Samuel (Juan Paiva) vai come\u00e7ar um grande conflito com a amada ap\u00f3s um pedido da av\u00f3 Rosa (Suely Franco).<\/p>\n<p><img decoding=\"async\" src=\"https:\/\/www.europesays.com\/pt\/wp-content\/uploads\/2025\/08\/Dona-de-Mim-Samuel-declara-guerra-a-Leona-apos-ped0034398100202508211559-7.webp\" alt=\"&#13;&#10;&#9;&#9;&#9;&#9;&#9;'Dona de Mim': Samuel declara guerra a Leona ap\u00f3s pedido de Rosa&#13;&#10;&#9;&#9;&#9;&#9;&#13;&#10;&#9;&#9;&#9;&#9;\"\/>Samuel declara guerra a Leona ap\u00f3s pedido de Rosa. \u200bFoto: Globo<\/p>\n<p>O conflito inicia a partir do momento que Leo <a href=\"https:\/\/www.ibahia.com\/diversao\/novelas\/dona-de-mim-leona-tem-atitude-improvavel-por-sofia-apos-morte-de-abel-342057\" target=\"_blank\" data-rel-defined=\"\" rel=\"nofollow noopener\">consegue a guarda provis\u00f3ria de Sofia<\/a> (Elis Cabral), ap\u00f3s uma amea\u00e7a judicial de mandar a garota para um abrigo. Samuel e Davi (Raffa Vitti) aceitam de in\u00edcio, mas uma bronca de Rosa, <a href=\"https:\/\/www.ibahia.com\/diversao\/novelas\/dona-de-mim-rosa-se-revolta-com-os-netos-apos-grande-descoberta-343842\" target=\"_blank\" data-rel-defined=\"\" rel=\"nofollow noopener\">revoltada com a descoberta<\/a>, muda a postura do rapaz.<\/p>\n<p>CONTINUA AP\u00d3S A PUBLICIDADELeia tamb\u00e9m:<\/p>\n<p>Samuel se revolta com a mudan\u00e7a de col\u00e9gio de Sofia para uma institui\u00e7\u00e3o p\u00fablica em S\u00e3o Crist\u00f3v\u00e3o, e principalmente ap\u00f3s a garota parar na casa de Ryan (L7nnon), em uma comunidade.<\/p>\n<p>Todo esse cen\u00e1rio causa ainda mais indigna\u00e7\u00e3o de Rosa, que passa a ser acolhida por mais pessoas da fam\u00edlia, como Filipa (Cl\u00e1udia Abreu). Tanto a vi\u00fava de Abel (Tony Ramos) quanto Samuel decidem entrar com um recurso na Justi\u00e7a para recuperar a guarda da menina.<\/p>\n<p>Jaques se declara para Filipa ap\u00f3s largar T\u00e2nia<\/p>\n<p>Por falar em Filipa, ela tem recebido aten\u00e7\u00e3o maior de Jaques (Marcello Novaes). Nos pr\u00f3ximos cap\u00edtulos de &#8220;Dona de Mim&#8221;, novela das 19h da Globo, o bandido vai se declarar para a vi\u00fava de Abel (Tony Ramos).<\/p>\n<p><img decoding=\"async\" loading=\"lazy\" src=\"https:\/\/www.europesays.com\/pt\/wp-content\/uploads\/2025\/08\/Dona-de-Mim-Jaques-se-declara-para-Filipa-apos-lar0034391100202508201131-7.webp\" alt=\"&#13;&#10;&#9;&#9;&#9;&#9;&#9;'Dona de Mim': Samuel declara guerra a Leona ap\u00f3s pedido de Rosa&#13;&#10;&#9;&#9;&#9;&#9;&#13;&#10;&#9;&#9;&#9;&#9;\"\/>Jaques se declara para Filipa ap\u00f3s largar T\u00e2nia. \u200bFoto: Globo<\/p>\n<p>Em tratamento para amenizar a bipolaridade, Filipa est\u00e1 no quarto no momento que o vil\u00e3o entra para cham\u00e1-la para o psiquiatra. Filipa agradece a gentileza, mas pondera o outro lado do vil\u00e3o, sem nem imaginar a participa\u00e7\u00e3o que ele teve na morte do falecido marido dela.<\/p>\n<p>\u201cEu fico pensando naquele homem que dava em cima de mim mesmo eu sendo casada com o irm\u00e3o dele. Que usou uma crian\u00e7a, a Sofia (Elis Cabral), pra chantagear esse irm\u00e3o. Penso nesse homem, nesse Jaques ambicioso que foi t\u00e3o descarado&#8230; e agora vem voc\u00ea agindo assim&#8230; \u00c9 confuso. Eu n\u00e3o entendo\u201d, disse Filipa.<\/p>\n<p>O irm\u00e3o de Abel deixa claro o motivo de demonstrar bondade com ela. \u201cPra mim, \u00e9 simples. Voc\u00ea sabe, sempre soube. Eu sempre quis voc\u00ea. Eu quero voc\u00ea. E vou te esperar at\u00e9 o dia que voc\u00ea me quiser\u201d, se declara.<\/p>\n<p>Assista ao &#8216;De Hoje a Oito&#8217;, podcast de entretenimento do Ibahia:<img decoding=\"async\" loading=\"lazy\" alt=\"iBahia\" src=\"https:\/\/www.ibahia.com\/themes\/default\/assets\/img\/iconesColoridos\/play_ibahia.svg\"\/><a href=\"https:\/\/whatsapp.com\/channel\/0029Va9txkjAO7RM9mBtwQ2G\" target=\"_blank\" data-mrf-link=\"https:\/\/whatsapp.com\/channel\/0029Va9txkjAO7RM9mBtwQ2G\" cmp-ltrk=\"Corpo do Artigo\" cmp-ltrk-idx=\"3\" mrfobservableid=\"8a9f5b5f-2b7a-4b86-9be2-e5f32317d952\" aria-label=\"Acesse nossa comunidade do whatsapp!\" id=\"CTAIbahia\" rel=\"nofollow noopener\"><\/p>\n<p>Participe do canal<br \/>no Whatsapp e receba <b>not\u00edcias em primeira m\u00e3o!<\/b><\/p>\n<p>Acesse a comunidade<\/p>\n<p><img decoding=\"async\" class=\"ctaDesktop\" loading=\"lazy\" src=\"https:\/\/www.europesays.com\/pt\/wp-content\/uploads\/2025\/08\/1754776943_259_mockup_grupos_wpp.png\" alt=\"Acesse nossa comunidade do whatsapp, clique abaixo!\"\/><\/a>Tags:<\/p>\n","protected":false},"excerpt":{"rendered":"Os pombinhos de &#8220;Dona de Mim&#8221; v\u00e3o entrar em uma verdadeira guerra nos pr\u00f3ximos cap\u00edtulos da novela das&hellip;\n","protected":false},"author":2,"featured_media":40089,"comment_status":"","ping_status":"","sticky":false,"template":"","format":"standard","meta":{"footnotes":""},"categories":[142],"tags":[114,115,32,33,151],"class_list":{"0":"post-40088","1":"post","2":"type-post","3":"status-publish","4":"format-standard","5":"has-post-thumbnail","7":"category-tv","8":"tag-entertainment","9":"tag-entretenimento","10":"tag-portugal","11":"tag-pt","12":"tag-tv"},"share_on_mastodon":{"url":"","error":""},"_links":{"self":[{"href":"https:\/\/www.europesays.com\/pt\/wp-json\/wp\/v2\/posts\/40088","targetHints":{"allow":["GET"]}}],"collection":[{"href":"https:\/\/www.europesays.com\/pt\/wp-json\/wp\/v2\/posts"}],"about":[{"href":"https:\/\/www.europesays.com\/pt\/wp-json\/wp\/v2\/types\/post"}],"author":[{"embeddable":true,"href":"https:\/\/www.europesays.com\/pt\/wp-json\/wp\/v2\/users\/2"}],"replies":[{"embeddable":true,"href":"https:\/\/www.europesays.com\/pt\/wp-json\/wp\/v2\/comments?post=40088"}],"version-history":[{"count":0,"href":"https:\/\/www.europesays.com\/pt\/wp-json\/wp\/v2\/posts\/40088\/revisions"}],"wp:featuredmedia":[{"embeddable":true,"href":"https:\/\/www.europesays.com\/pt\/wp-json\/wp\/v2\/media\/40089"}],"wp:attachment":[{"href":"https:\/\/www.europesays.com\/pt\/wp-json\/wp\/v2\/media?parent=40088"}],"wp:term":[{"taxonomy":"category","embeddable":true,"href":"https:\/\/www.europesays.com\/pt\/wp-json\/wp\/v2\/categories?post=40088"},{"taxonomy":"post_tag","embeddable":true,"href":"https:\/\/www.europesays.com\/pt\/wp-json\/wp\/v2\/tags?post=40088"}],"curies":[{"name":"wp","href":"https:\/\/api.w.org\/{rel}","templated":true}]}}