{"id":401087,"date":"2026-05-31T02:13:18","date_gmt":"2026-05-31T02:13:18","guid":{"rendered":"https:\/\/www.europesays.com\/pt\/401087\/"},"modified":"2026-05-31T02:13:18","modified_gmt":"2026-05-31T02:13:18","slug":"sus-amplia-vacinacao-com-vacina-pneumococica-20-valente","status":"publish","type":"post","link":"https:\/\/www.europesays.com\/pt\/401087\/","title":{"rendered":"SUS amplia vacina\u00e7\u00e3o com vacina pneumoc\u00f3cica 20-valente"},"content":{"rendered":"<p> 83 <\/p>\n<p class=\"isSelectedEnd\">O Sistema \u00danico de Sa\u00fade (SUS) iniciar\u00e1, a partir de junho, a substitui\u00e7\u00e3o da vacina pneumoc\u00f3cica conjugada 10-valente (VPC10) pela vacina pneumoc\u00f3cica conjugada 20-valente (VPC20) no calend\u00e1rio vacinal infantil. A medida amplia a cobertura contra sorotipos de Streptococcus pneumoniae, bact\u00e9ria associada a infec\u00e7\u00f5es respirat\u00f3rias e doen\u00e7as invasivas de elevada relev\u00e2ncia epidemiol\u00f3gica, como meningite bacteriana, pneumonia e sepse.<\/p>\n<p class=\"isSelectedEnd\">A mudan\u00e7a foi oficializada ap\u00f3s a publica\u00e7\u00e3o de um guia t\u00e9cnico preliminar pelo Minist\u00e9rio da Sa\u00fade, documento que orienta os servi\u00e7os de imuniza\u00e7\u00e3o e as equipes assistenciais sobre a transi\u00e7\u00e3o entre os esquemas vacinais. Segundo a pasta, os munic\u00edpios poder\u00e3o iniciar a aplica\u00e7\u00e3o do novo imunizante assim que receberem as doses distribu\u00eddas pelo Programa Nacional de Imuniza\u00e7\u00f5es (PNI).<\/p>\n<p> Amplia\u00e7\u00e3o da cobertura sorot\u00edpica <\/p>\n<p class=\"isSelectedEnd\">A principal mudan\u00e7a trazida pela VPC20 est\u00e1 na amplia\u00e7\u00e3o da cobertura contra sorotipos pneumoc\u00f3cicos circulantes. Enquanto a vacina anteriormente utilizada protegia contra dez sorotipos, a nova formula\u00e7\u00e3o passa a contemplar vinte variantes bacterianas associadas a doen\u00e7a pneumoc\u00f3cica invasiva e infec\u00e7\u00f5es respirat\u00f3rias graves.<\/p>\n<p class=\"isSelectedEnd\">A doen\u00e7a pneumoc\u00f3cica permanece como importante causa de morbimortalidade, especialmente em crian\u00e7as menores de cinco anos, idosos e indiv\u00edduos imunossuprimidos. Dados apresentados pelo Minist\u00e9rio da Sa\u00fade indicam que o pneumococo responde por at\u00e9 metade dos casos de meningite bacteriana em crian\u00e7as, condi\u00e7\u00e3o cuja taxa de mortalidade pode alcan\u00e7ar aproximadamente 30%.<\/p>\n<p class=\"isSelectedEnd\">Al\u00e9m da meningite, o agente etiol\u00f3gico est\u00e1 relacionado a quadros de pneumonia bacteriana, sinusite, otite m\u00e9dia aguda e sepse. Em ambientes hospitalares e laboratoriais, o monitoramento epidemiol\u00f3gico dos sorotipos circulantes tem papel estrat\u00e9gico na avalia\u00e7\u00e3o da efetividade vacinal e no acompanhamento de poss\u00edveis fen\u00f4menos de substitui\u00e7\u00e3o sorot\u00edpica.<\/p>\n<p> <a href=\"https:\/\/api.whatsapp.com\/send\/?phone=551151925280&amp;text&amp;type=phone_number&amp;app_absent=0\" target=\"_blank\" data-penci-link=\"external\" rel=\"nofollow noopener\"><img fetchpriority=\"high\" decoding=\"async\" id=\"banner_afip_corpo\" class=\" penci-lazy advertisement banner-afip_corpo\" src=\"https:\/\/www.europesays.com\/pt\/wp-content\/uploads\/2026\/04\/10623-BANNER_NEWSLAB_1200X200-3.gif\" alt=\"AFIP\" title=\"AFIP\" width=\"1200\" height=\"200\" gtm-tag=\"banner_afip_corpo\"\/><\/a>Impacto para a sa\u00fade p\u00fablica e vigil\u00e2ncia epidemiol\u00f3gica <\/p>\n<p class=\"isSelectedEnd\">A incorpora\u00e7\u00e3o da VPC20 representa uma atualiza\u00e7\u00e3o relevante da estrat\u00e9gia nacional de imuniza\u00e7\u00e3o frente \u00e0s mudan\u00e7as epidemiol\u00f3gicas observadas nos \u00faltimos anos. Segundo documentos da Comiss\u00e3o Nacional de Incorpora\u00e7\u00e3o de Tecnologias no SUS (Conitec), a decis\u00e3o considerou an\u00e1lises de efic\u00e1cia cl\u00ednica, impacto or\u00e7ament\u00e1rio e potencial de redu\u00e7\u00e3o de hospitaliza\u00e7\u00f5es associadas \u00e0 doen\u00e7a pneumoc\u00f3cica.<\/p>\n<p class=\"isSelectedEnd\">Vacinas conjugadas de maior val\u00eancia ampliam a capacidade de preven\u00e7\u00e3o contra sorotipos associados a formas invasivas da doen\u00e7a, sobretudo em popula\u00e7\u00f5es vulner\u00e1veis. Estudos cl\u00ednicos internacionais tamb\u00e9m demonstraram resposta imunol\u00f3gica robusta para os novos sorotipos incorporados \u00e0 formula\u00e7\u00e3o 20-valente, mantendo desempenho compar\u00e1vel \u00e0s vers\u00f5es anteriores nos sorotipos j\u00e1 cobertos.<\/p>\n<p class=\"isSelectedEnd\">Para os laborat\u00f3rios cl\u00ednicos e servi\u00e7os de microbiologia, a mudan\u00e7a refor\u00e7a a import\u00e2ncia da vigil\u00e2ncia laboratorial do Streptococcus pneumoniae, incluindo identifica\u00e7\u00e3o fenot\u00edpica, testes de suscetibilidade antimicrobiana e monitoramento molecular dos sorotipos predominantes. O acompanhamento epidemiol\u00f3gico cont\u00ednuo ser\u00e1 fundamental para mensurar o impacto da nova estrat\u00e9gia vacinal no perfil das infec\u00e7\u00f5es pneumoc\u00f3cicas no pa\u00eds.<\/p>\n<p> Estrat\u00e9gias especiais e grupos de risco <\/p>\n<p class=\"isSelectedEnd\">Paralelamente \u00e0 incorpora\u00e7\u00e3o no calend\u00e1rio infantil, o Minist\u00e9rio da Sa\u00fade j\u00e1 havia anunciado, em maio deste ano, a introdu\u00e7\u00e3o da VPC20 em estrat\u00e9gias especiais voltadas a grupos com maior risco de doen\u00e7a pneumoc\u00f3cica invasiva. Entre os p\u00fablicos contemplados est\u00e3o pacientes oncol\u00f3gicos, transplantados, pessoas vivendo com HIV, indiv\u00edduos com imunodefici\u00eancias prim\u00e1rias e pacientes submetidos a terapias imunomoduladoras.<\/p>\n<p class=\"isSelectedEnd\">As orienta\u00e7\u00f5es t\u00e9cnicas tamb\u00e9m incluem regras de transi\u00e7\u00e3o para indiv\u00edduos previamente imunizados com esquemas contendo VPC10, VPC13 e vacina pneumoc\u00f3cica polissacar\u00eddica 23-valente (VPP23).<\/p>\n<p> <a href=\"https:\/\/api.whatsapp.com\/send\/?phone=551151925280&amp;text&amp;type=phone_number&amp;app_absent=0\" target=\"_blank\" data-penci-link=\"external\" rel=\"nofollow noopener\"><img fetchpriority=\"high\" decoding=\"async\" id=\"banner_afip_corpo\" class=\" penci-lazy advertisement banner-afip_corpo\" src=\"https:\/\/www.europesays.com\/pt\/wp-content\/uploads\/2026\/04\/10623-BANNER_NEWSLAB_1200X200-3.gif\" alt=\"AFIP\" title=\"AFIP\" width=\"1200\" height=\"200\" gtm-tag=\"banner_afip_corpo\"\/><\/a>Atualiza\u00e7\u00e3o alinhada ao cen\u00e1rio epidemiol\u00f3gico <\/p>\n<p class=\"isSelectedEnd\">A amplia\u00e7\u00e3o da prote\u00e7\u00e3o pneumoc\u00f3cica no SUS acompanha uma tend\u00eancia internacional de ado\u00e7\u00e3o de vacinas conjugadas com maior cobertura sorot\u00edpica. A Organiza\u00e7\u00e3o Mundial da Sa\u00fade (OMS) reconhece as infec\u00e7\u00f5es pneumoc\u00f3cicas como uma das principais causas de mortalidade infantil preven\u00edvel por vacina\u00e7\u00e3o, especialmente em pa\u00edses de m\u00e9dia e alta carga epidemiol\u00f3gica.<\/p>\n<p>No contexto brasileiro, a incorpora\u00e7\u00e3o da VPC20 tende a produzir impacto relevante na preven\u00e7\u00e3o de hospitaliza\u00e7\u00f5es e complica\u00e7\u00f5es infecciosas graves, particularmente em popula\u00e7\u00f5es pedi\u00e1tricas e imunossuprimidas. Para o setor laboratorial e para os servi\u00e7os de medicina diagn\u00f3stica, a atualiza\u00e7\u00e3o refor\u00e7a o papel integrado entre imuniza\u00e7\u00e3o, vigil\u00e2ncia epidemiol\u00f3gica e diagn\u00f3stico microbiol\u00f3gico de precis\u00e3o.<\/p>\n<p> Voc\u00ea pode estar interessado em<\/p>\n","protected":false},"excerpt":{"rendered":"83 O Sistema \u00danico de Sa\u00fade (SUS) iniciar\u00e1, a partir de junho, a substitui\u00e7\u00e3o da vacina pneumoc\u00f3cica conjugada&hellip;\n","protected":false},"author":2,"featured_media":401088,"comment_status":"","ping_status":"","sticky":false,"template":"","format":"standard","meta":{"footnotes":"","_share_on_mastodon":"0"},"categories":[86],"tags":[116,3130,22957,4993,9496,66157,9148,2879,32,33,117,896,4483,2820,4678,66158],"class_list":["post-401087","post","type-post","status-publish","format-standard","has-post-thumbnail","category-saude","tag-health","tag-imunizacao","tag-medicina-diagnostica","tag-meningite","tag-microbiologia","tag-newslab","tag-pneumococo","tag-pneumonia","tag-portugal","tag-pt","tag-saude","tag-saude-publica","tag-sus","tag-vacinacao","tag-vigilancia-epidemiologica","tag-vpc20"],"share_on_mastodon":{"url":"https:\/\/pubeurope.com\/@pt\/116666774767649728","error":""},"_links":{"self":[{"href":"https:\/\/www.europesays.com\/pt\/wp-json\/wp\/v2\/posts\/401087","targetHints":{"allow":["GET"]}}],"collection":[{"href":"https:\/\/www.europesays.com\/pt\/wp-json\/wp\/v2\/posts"}],"about":[{"href":"https:\/\/www.europesays.com\/pt\/wp-json\/wp\/v2\/types\/post"}],"author":[{"embeddable":true,"href":"https:\/\/www.europesays.com\/pt\/wp-json\/wp\/v2\/users\/2"}],"replies":[{"embeddable":true,"href":"https:\/\/www.europesays.com\/pt\/wp-json\/wp\/v2\/comments?post=401087"}],"version-history":[{"count":0,"href":"https:\/\/www.europesays.com\/pt\/wp-json\/wp\/v2\/posts\/401087\/revisions"}],"wp:featuredmedia":[{"embeddable":true,"href":"https:\/\/www.europesays.com\/pt\/wp-json\/wp\/v2\/media\/401088"}],"wp:attachment":[{"href":"https:\/\/www.europesays.com\/pt\/wp-json\/wp\/v2\/media?parent=401087"}],"wp:term":[{"taxonomy":"category","embeddable":true,"href":"https:\/\/www.europesays.com\/pt\/wp-json\/wp\/v2\/categories?post=401087"},{"taxonomy":"post_tag","embeddable":true,"href":"https:\/\/www.europesays.com\/pt\/wp-json\/wp\/v2\/tags?post=401087"}],"curies":[{"name":"wp","href":"https:\/\/api.w.org\/{rel}","templated":true}]}}