{"id":401271,"date":"2026-05-31T09:00:29","date_gmt":"2026-05-31T09:00:29","guid":{"rendered":"https:\/\/www.europesays.com\/pt\/401271\/"},"modified":"2026-05-31T09:00:29","modified_gmt":"2026-05-31T09:00:29","slug":"liliana-aguiar-partilha-novidade-por-tras-de-muitas-fotografias-existem-lagrimas-que-ninguem-viu","status":"publish","type":"post","link":"https:\/\/www.europesays.com\/pt\/401271\/","title":{"rendered":"Liliana Aguiar partilha novidade: &#8220;Por tr\u00e1s de muitas fotografias, existem l\u00e1grimas que ningu\u00e9m viu&#8221;"},"content":{"rendered":"<p><a href=\"https:\/\/selfie.iol.pt\/famosos\/big-brother\/liliana-aguiar-atras-de-uma-fotografia-bonita-nem-sempre-esta-a-realidade-que-parece\/20260502\/69f656fed34edcee7c63b5f1\" target=\"_blank\" rel=\"nofollow noopener\">Liliana Aguiar<\/a> surpreendeu os seguidores do Instagram com uma partilha bastante pessoal, acompanhada por uma novidade.<\/p>\n<p>&#8220;Nem tudo o que parece bonito \u00e9 f\u00e1cil. Por tr\u00e1s de muitas fotografias, existem l\u00e1grimas que ningu\u00e9m viu, decis\u00f5es dif\u00edceis que ningu\u00e9m conhece, medos que ningu\u00e9m imagina e batalhas que nunca chegaram \u00e0s redes sociais&#8221;, come\u00e7ou por confessar a ex-concorrente do &#8220;<a href=\"https:\/\/tvi.iol.pt\/bigbrother\/\" target=\"_blank\" rel=\"nofollow noopener\">Big Brother<\/a>&#8220;.<\/p>\n<p>De seguida, Liliana Aguiar admitiu: &#8220;Durante anos, partilhei momentos da minha vida. Mas h\u00e1 hist\u00f3rias que ficaram por contar. Hist\u00f3rias que explicam muito mais do que qualquer fotografia. Talvez tenha chegado a altura de as contar. Porque aquilo que n\u00e3o se v\u00ea\u2026 muitas vezes \u00e9 a parte mais importante da hist\u00f3ria.&#8221;<\/p>\n<p>&#8220;Uma novidade est\u00e1 a chegar. E, desta vez, vou falar sobre aquilo que ficou por dizer. Porque a verdade \u00e9 que a hist\u00f3ria que voc\u00eas conhecem\u2026 est\u00e1 muito longe de ser a hist\u00f3ria completa&#8221;, completou.<\/p>\n<p>Veja, agora, algumas das melhores imagens de Liliana Aguiar. E n\u00e3o deixe de espreitar o v\u00eddeo.<\/p>\n","protected":false},"excerpt":{"rendered":"Liliana Aguiar surpreendeu os seguidores do Instagram com uma partilha bastante pessoal, acompanhada por uma novidade. &#8220;Nem tudo&hellip;\n","protected":false},"author":2,"featured_media":401272,"comment_status":"","ping_status":"","sticky":false,"template":"","format":"standard","meta":{"footnotes":"","_share_on_mastodon":"0"},"categories":[142],"tags":[48,3864,114,115,980,1015,12871,619,32,33,1014,1012,151,162],"class_list":["post-401271","post","type-post","status-publish","format-standard","has-post-thumbnail","category-tv","tag-big-brother","tag-desabafo","tag-entertainment","tag-entretenimento","tag-famosos","tag-instagram","tag-liliana-aguiar","tag-nacional","tag-portugal","tag-pt","tag-reality-show","tag-selfie","tag-tv","tag-tvi"],"share_on_mastodon":{"url":"https:\/\/pubeurope.com\/@pt\/116668375089896706","error":""},"_links":{"self":[{"href":"https:\/\/www.europesays.com\/pt\/wp-json\/wp\/v2\/posts\/401271","targetHints":{"allow":["GET"]}}],"collection":[{"href":"https:\/\/www.europesays.com\/pt\/wp-json\/wp\/v2\/posts"}],"about":[{"href":"https:\/\/www.europesays.com\/pt\/wp-json\/wp\/v2\/types\/post"}],"author":[{"embeddable":true,"href":"https:\/\/www.europesays.com\/pt\/wp-json\/wp\/v2\/users\/2"}],"replies":[{"embeddable":true,"href":"https:\/\/www.europesays.com\/pt\/wp-json\/wp\/v2\/comments?post=401271"}],"version-history":[{"count":0,"href":"https:\/\/www.europesays.com\/pt\/wp-json\/wp\/v2\/posts\/401271\/revisions"}],"wp:featuredmedia":[{"embeddable":true,"href":"https:\/\/www.europesays.com\/pt\/wp-json\/wp\/v2\/media\/401272"}],"wp:attachment":[{"href":"https:\/\/www.europesays.com\/pt\/wp-json\/wp\/v2\/media?parent=401271"}],"wp:term":[{"taxonomy":"category","embeddable":true,"href":"https:\/\/www.europesays.com\/pt\/wp-json\/wp\/v2\/categories?post=401271"},{"taxonomy":"post_tag","embeddable":true,"href":"https:\/\/www.europesays.com\/pt\/wp-json\/wp\/v2\/tags?post=401271"}],"curies":[{"name":"wp","href":"https:\/\/api.w.org\/{rel}","templated":true}]}}