{"id":401461,"date":"2026-05-31T12:55:10","date_gmt":"2026-05-31T12:55:10","guid":{"rendered":"https:\/\/www.europesays.com\/pt\/401461\/"},"modified":"2026-05-31T12:55:10","modified_gmt":"2026-05-31T12:55:10","slug":"imprensa-brasileira-avanca-jogador-do-corinthians-fechado-num-dos-tres-grandes-de-portugal","status":"publish","type":"post","link":"https:\/\/www.europesays.com\/pt\/401461\/","title":{"rendered":"Imprensa brasileira avan\u00e7a: jogador do Corinthians fechado num dos tr\u00eas grandes de Portugal"},"content":{"rendered":"<p>&#8211; Advertisement &#8211;<\/p>\n<p><strong>A R\u00e1dio Craque Neto avan\u00e7a que Andr\u00e9 vai jogar em Portugal. Andr\u00e9 j\u00e1 interessou ao Benfica no mercado de inverno.<\/strong><\/p>\n<p class=\"wp-block-paragraph\">A R\u00e1dio Craque Neto avan\u00e7a que Andr\u00e9 est\u00e1 fechado num dos tr\u00eas grandes de Portugal, <a href=\"https:\/\/bolanarede.pt\/categoria\/nacional\/benfica\/\" target=\"_blank\" rel=\"noreferrer noopener nofollow\">Benfica<\/a>,<a href=\"https:\/\/bolanarede.pt\/etiqueta\/sporting\/\" target=\"_blank\" rel=\"noreferrer noopener nofollow\"> <\/a><a href=\"https:\/\/bolanarede.pt\/etiqueta\/fc-porto\/\" target=\"_blank\" rel=\"noreferrer noopener nofollow\">FC Porto<\/a> ou<a href=\"https:\/\/bolanarede.pt\/etiqueta\/sporting\/\" target=\"_blank\" rel=\"noreferrer noopener nofollow\"> Sporting<\/a>. O neg\u00f3cio vai custar cerca de quinze milh\u00f5es de euros e tr\u00eas milh\u00f5es em b\u00f3nus, no entanto, o destino de Andr\u00e9 continua em segredo.<\/p>\n<p class=\"wp-block-paragraph\">\u00c9 importante relembrar que Andr\u00e9 j\u00e1 foi apontado ao Benfica no mercado de inverno. Diogo Silva representante de Andr\u00e9, confirmou a proposta do Benfica na altura ao portal R7 Esportes e explicou: <\/p>\n<p class=\"wp-block-paragraph\">\u00abO Corinthians recusou na hora e nem quis estabelecer um valor ou fazer contraproposta\u00bb.<\/p>\n<p class=\"wp-block-paragraph\">O Milan tamb\u00e9m tentou comprar Andr\u00e9 por quinze milh\u00f5es de euros. Osmar St\u00e1bile recuou na decis\u00e3o ap\u00f3s ouvir Dorival J\u00fanior, t\u00e9cnico da altura, que considerava Andr\u00e9 uma pe\u00e7a essencial no Corinthians e ent\u00e3o o ex-treinador do clube travou a sa\u00edda do jogador.<\/p>\n<p class=\"wp-block-paragraph\">De recordar que esta temporada ao servi\u00e7o do Corinthians Andr\u00e9 conta com 29 jogos efetuados aos quais junta cinco golos, tr\u00eas no Brasileir\u00e3o e dois no Campeonato Paulista.<\/p>\n","protected":false},"excerpt":{"rendered":"&#8211; Advertisement &#8211; A R\u00e1dio Craque Neto avan\u00e7a que Andr\u00e9 vai jogar em Portugal. Andr\u00e9 j\u00e1 interessou ao&hellip;\n","protected":false},"author":2,"featured_media":401462,"comment_status":"","ping_status":"","sticky":false,"template":"","format":"standard","meta":{"footnotes":"","_share_on_mastodon":"0"},"categories":[87],"tags":[260,51,1620,7184,135,282,32,479,33,34,134],"class_list":["post-401461","post","type-post","status-publish","format-standard","has-post-thumbnail","category-desporto","tag-atualidade","tag-benfica","tag-brasileirao","tag-corinthians","tag-desporto","tag-fc-porto","tag-portugal","tag-primeira-liga","tag-pt","tag-sporting","tag-sports"],"share_on_mastodon":{"url":"https:\/\/pubeurope.com\/@pt\/116669299276586423","error":""},"_links":{"self":[{"href":"https:\/\/www.europesays.com\/pt\/wp-json\/wp\/v2\/posts\/401461","targetHints":{"allow":["GET"]}}],"collection":[{"href":"https:\/\/www.europesays.com\/pt\/wp-json\/wp\/v2\/posts"}],"about":[{"href":"https:\/\/www.europesays.com\/pt\/wp-json\/wp\/v2\/types\/post"}],"author":[{"embeddable":true,"href":"https:\/\/www.europesays.com\/pt\/wp-json\/wp\/v2\/users\/2"}],"replies":[{"embeddable":true,"href":"https:\/\/www.europesays.com\/pt\/wp-json\/wp\/v2\/comments?post=401461"}],"version-history":[{"count":0,"href":"https:\/\/www.europesays.com\/pt\/wp-json\/wp\/v2\/posts\/401461\/revisions"}],"wp:featuredmedia":[{"embeddable":true,"href":"https:\/\/www.europesays.com\/pt\/wp-json\/wp\/v2\/media\/401462"}],"wp:attachment":[{"href":"https:\/\/www.europesays.com\/pt\/wp-json\/wp\/v2\/media?parent=401461"}],"wp:term":[{"taxonomy":"category","embeddable":true,"href":"https:\/\/www.europesays.com\/pt\/wp-json\/wp\/v2\/categories?post=401461"},{"taxonomy":"post_tag","embeddable":true,"href":"https:\/\/www.europesays.com\/pt\/wp-json\/wp\/v2\/tags?post=401461"}],"curies":[{"name":"wp","href":"https:\/\/api.w.org\/{rel}","templated":true}]}}