{"id":40161,"date":"2025-08-22T12:13:12","date_gmt":"2025-08-22T12:13:12","guid":{"rendered":"https:\/\/www.europesays.com\/pt\/40161\/"},"modified":"2025-08-22T12:13:12","modified_gmt":"2025-08-22T12:13:12","slug":"raquel-corre-para-salvar-neto-de-atitude-cruel-de-maria-de-fatima","status":"publish","type":"post","link":"https:\/\/www.europesays.com\/pt\/40161\/","title":{"rendered":"Raquel corre para salvar neto de atitude cruel de Maria de F\u00e1tima"},"content":{"rendered":"<p>Em <a href=\"https:\/\/natelinha.uol.com.br\/novelas\/vale-tudo\" rel=\"nofollow noopener\" target=\"_blank\">Vale Tudo<\/a>, Raquel Accioli (<a href=\"https:\/\/natelinha.uol.com.br\/famosos\/tudo-sobre\/tais-araujo\" rel=\"nofollow noopener\" target=\"_blank\">Ta\u00eds Araujo<\/a>) interv\u00e9m para impedir que Maria de F\u00e1tima (<a href=\"https:\/\/natelinha.uol.com.br\/famosos\/tudo-sobre\/bella-campos\" rel=\"nofollow noopener\" target=\"_blank\">Bella Campos<\/a>) venda o pr\u00f3prio beb\u00ea para um casal estrangeiro. A a\u00e7\u00e3o ocorre depois que Afonso Roitman (<a href=\"https:\/\/natelinha.uol.com.br\/famosos\/tudo-sobre\/humberto-carrao\" rel=\"nofollow noopener\" target=\"_blank\">Humberto Carr\u00e3o<\/a>) descobre que a crian\u00e7a n\u00e3o \u00e9 sua e expulsa a filha da mans\u00e3o, deixando-a sem recursos.<\/p>\n<p>O conflito come\u00e7a quando o exame de DNA comprova que C\u00e9sar (<a href=\"https:\/\/natelinha.uol.com.br\/famosos\/tudo-sobre\/caua-reymond\" rel=\"nofollow noopener\" target=\"_blank\">Cau\u00e3 Reymond<\/a>) \u00e9 o pai da crian\u00e7a. Sem apoio financeiro e familiar, Maria de F\u00e1tima tenta negociar o beb\u00ea por 25 mil d\u00f3lares, cerca de R$ 147 mil na cota\u00e7\u00e3o atual. A transa\u00e7\u00e3o \u00e9 intermediada por Olavo, fot\u00f3grafo e c\u00famplice da filha, que organiza a entrega ao casal estrangeiro.<\/p>\n<p>+\u00a0<a href=\"https:\/\/natelinha.uol.com.br\/novelas\/2025\/08\/21\/o-que-acontece-com-o-filho-de-maria-de-fatima-em-vale-tudo-saiba-o-final-da-novela-230205.php\" target=\"_blank\" rel=\"noopener noreferrer nofollow\">O que acontece com o filho de Maria de F\u00e1tima em Vale Tudo? Saiba o final da novela<\/a><\/p>\n<p>continua depois da publicidade<\/p>\n<p>Raquel descobre o plano a tempo e corre ao aeroporto para impedir a ado\u00e7\u00e3o ilegal. Ela amea\u00e7a chamar a pol\u00edcia e consegue resgatar o neto antes que a crian\u00e7a seja levada. A partir desse momento, Raquel assume a cria\u00e7\u00e3o do beb\u00ea, enquanto Maria de F\u00e1tima mant\u00e9m seus esquemas para obter lucro.<\/p>\n<p>Maria de F\u00e1tima tentar\u00e1 pegar crian\u00e7a em Vale Tudo<\/p>\n<p><img decoding=\"async\" loading=\"lazy\" class=\"horizontal\" src=\"https:\/\/www.europesays.com\/pt\/wp-content\/uploads\/2025\/08\/globo-vale-tudo-maria-de-fatima_284.jpeg\" alt=\"imagem-texto\"\/><\/p>\n<p>Ap\u00f3s a interven\u00e7\u00e3o da av\u00f3, Maria de F\u00e1tima tenta recuperar a crian\u00e7a, mas seus esfor\u00e7os s\u00e3o motivados por interesses pr\u00f3prios. Ela usa a gravidez e o beb\u00ea como instrumentos de chantagem emocional para pressionar Raquel, que n\u00e3o cede \u00e0s manipula\u00e7\u00f5es da filha.<\/p>\n<p>+\u00a0<a href=\"https:\/\/natelinha.uol.com.br\/novelas\/2025\/08\/21\/vale-tudo-aldeide-e-andre-vao-morar-juntos-viver-esse-amor-230158.php\" target=\"_blank\" rel=\"noopener noreferrer nofollow\">Vale Tudo: Alde\u00edde e Andr\u00e9 v\u00e3o morar juntos: &#8220;Viver esse amor&#8221;<\/a><\/p>\n<p>continua depois da publicidade<\/p>\n<p>A rela\u00e7\u00e3o entre av\u00f3 e neto passa a ser de cuidado direto, contrastando com a postura da m\u00e3e, que permanece distante e voltada para seus planos de enriquecimento. O epis\u00f3dio marca uma virada na trama, colocando Raquel como respons\u00e1vel pela seguran\u00e7a e bem-estar da crian\u00e7a.<\/p>\n<p>O resgate do beb\u00ea tamb\u00e9m evidencia os limites das a\u00e7\u00f5es de Maria de F\u00e1tima, mostrando que a falta de recursos e apoio familiar a impede de concretizar seus planos.<\/p>\n<p><strong>Confira os resumos da semana das outras novelas:<\/strong><\/p>\n<p>O\u00a0<strong>NaTelinha<\/strong>\u00a0divulga todos os dias os\u00a0<a href=\"https:\/\/natelinha.uol.com.br\/novelas\" rel=\"nofollow noopener\" target=\"_blank\"><strong>resumos dos cap\u00edtulos<\/strong><\/a>, detalhes dos personagens, entrevistas exclusivas com o elenco e spoiler da novela Vale Tudo.\u00a0\u00a0<\/p>\n<p>continua depois da publicidade<\/p>\n<p><strong>Assista \u00e0 abertura do remake de Vale Tudo:\u00a0 \u00a0<\/strong><\/p>\n<p><strong><\/p>\n<p>                                <img decoding=\"async\" loading=\"lazy\" class=\"horizontal\" alt=\"Imagem da thumbnail do v\u00eddeo\" src=\"https:\/\/www.europesays.com\/pt\/wp-content\/uploads\/2025\/07\/1753885272_70_hqdefault.jpg\"\/><\/p>\n<p>                            <\/strong><\/p>\n","protected":false},"excerpt":{"rendered":"Em Vale Tudo, Raquel Accioli (Ta\u00eds Araujo) interv\u00e9m para impedir que Maria de F\u00e1tima (Bella Campos) venda o&hellip;\n","protected":false},"author":2,"featured_media":40162,"comment_status":"","ping_status":"","sticky":false,"template":"","format":"standard","meta":{"footnotes":""},"categories":[142],"tags":[7150,114,115,4009,6661,32,33,7151,151,2154],"class_list":{"0":"post-40161","1":"post","2":"type-post","3":"status-publish","4":"format-standard","5":"has-post-thumbnail","7":"category-tv","8":"tag-cesar-vale-tudo","9":"tag-entertainment","10":"tag-entretenimento","11":"tag-ivan-vale-tudo","12":"tag-maria-de-fatima-vale-tudo","13":"tag-portugal","14":"tag-pt","15":"tag-raquel-vale-tudo","16":"tag-tv","17":"tag-vale-tudo"},"share_on_mastodon":{"url":"","error":""},"_links":{"self":[{"href":"https:\/\/www.europesays.com\/pt\/wp-json\/wp\/v2\/posts\/40161","targetHints":{"allow":["GET"]}}],"collection":[{"href":"https:\/\/www.europesays.com\/pt\/wp-json\/wp\/v2\/posts"}],"about":[{"href":"https:\/\/www.europesays.com\/pt\/wp-json\/wp\/v2\/types\/post"}],"author":[{"embeddable":true,"href":"https:\/\/www.europesays.com\/pt\/wp-json\/wp\/v2\/users\/2"}],"replies":[{"embeddable":true,"href":"https:\/\/www.europesays.com\/pt\/wp-json\/wp\/v2\/comments?post=40161"}],"version-history":[{"count":0,"href":"https:\/\/www.europesays.com\/pt\/wp-json\/wp\/v2\/posts\/40161\/revisions"}],"wp:featuredmedia":[{"embeddable":true,"href":"https:\/\/www.europesays.com\/pt\/wp-json\/wp\/v2\/media\/40162"}],"wp:attachment":[{"href":"https:\/\/www.europesays.com\/pt\/wp-json\/wp\/v2\/media?parent=40161"}],"wp:term":[{"taxonomy":"category","embeddable":true,"href":"https:\/\/www.europesays.com\/pt\/wp-json\/wp\/v2\/categories?post=40161"},{"taxonomy":"post_tag","embeddable":true,"href":"https:\/\/www.europesays.com\/pt\/wp-json\/wp\/v2\/tags?post=40161"}],"curies":[{"name":"wp","href":"https:\/\/api.w.org\/{rel}","templated":true}]}}