{"id":40171,"date":"2025-08-22T12:21:14","date_gmt":"2025-08-22T12:21:14","guid":{"rendered":"https:\/\/www.europesays.com\/pt\/40171\/"},"modified":"2025-08-22T12:21:14","modified_gmt":"2025-08-22T12:21:14","slug":"miguel-sousa-tavares-recomenda-que-montenegro-aprenda-com-churchill-que-nao-estava-na-linha-da-frente-da-ii-guerra-mas-estava-todos-os-dias-no-quartel-general","status":"publish","type":"post","link":"https:\/\/www.europesays.com\/pt\/40171\/","title":{"rendered":"Miguel Sousa Tavares recomenda que Montenegro aprenda com Churchill, que &#8220;n\u00e3o estava na linha da frente da II Guerra mas estava todos os dias no quartel-general&#8221;"},"content":{"rendered":"<p>\t                Ucr\u00e2nia, inc\u00eandios, o Grande Pr\u00e9mio de F\u00f3rmula 1 do Algarve marcaram a 5.\u00aa Coluna desta semana, na TVI (do mesmo <\/p>\n<p>Miguel Sousa Tavares <a href=\"https:\/\/cnnportugal.iol.pt\/incendios\/medidas\/montenegro-reconhece-que-e-preciso-avaliacao-profunda-e-responde-com-45-medidas-para-vitimas-dos-incendios\/20950821\/68a77b82d34e3f0baea1dd4a\" target=\"_blank\" rel=\"nofollow noopener\">ouviu a comunica\u00e7\u00e3o ao pa\u00eds do primeiro-ministro<\/a>\u00a0e resume-a assim: &#8220;Montenegro n\u00e3o justificou nada&#8221;, disse o comentador na rubrica 5.\u00aa Coluna, no Jornal Nacional da TVI (do mesmo grupo da CNN Portugal). Miguel Sousa Tavares considera que o que ouviu &#8220;podia ter sido dito no ano passado e seria igual&#8221;.<\/p>\n<p>&#8220;Montenegro\u00a0fez demasiados erros&#8221;, sendo que o pin\u00e1culo foi mesmo o epis\u00f3dio da festa do PSD no Pontal &#8211; &#8220;uma coisa decisiva e que vai ficar a marcar este Governo para sempre&#8221;. Depois &#8211; e assente na narrativa do pr\u00f3prio Montenegro de que os inc\u00eandios em Portugal s\u00e3o semelhantes a uma guerra -, Miguel Sousa Tavares lembra a Hist\u00f3ria: &#8220;O Churchill n\u00e3o estava na frente de batalha durante a Segunda Guerra Mundial, mas estava todos os dias no quartel-general das opera\u00e7\u00f5es. Eu n\u00e3o defendo que os governantes estejam na linha da frente do combate ao inc\u00eandio, mas se isto \u00e9 uma guerra \u2013 como ele diz que \u00e9 \u2013, eles t\u00eam de estar no comando estrat\u00e9gico&#8221;. Dito isto: &#8220;O primeiro-ministro devia l\u00e1 estar&#8221;.<\/p>\n<p>Miguel Sousa Tavares destaca ainda outro ponto: &#8220;Vi duas casas completamente rodeadas por eucaliptos: como \u00e9 que as pessoas acham que v\u00e3o escapar se houver um inc\u00eandio?&#8221;. O comentador alerta que \u00e9 imperativo\u00a0reordenamento florestal do pa\u00eds. \u201cCom aquele mar de eucaliptos n\u00e3o se ouve cantar um p\u00e1ssaro, n\u00e3o se houve um ribeiro, n\u00e3o se v\u00ea uma borboleta, n\u00e3o se v\u00ea uma lagartixa, portanto aquilo j\u00e1 est\u00e1 morto. Se ardeu, para mim n\u00e3o faz diferen\u00e7a nenhuma porque aquilo j\u00e1 estava morto&#8221;, diz. &#8220;Enquanto n\u00e3o nos livrarmos desta praga desta \u00e1rvore mortal e fatal que tomou conta de Portugal nas \u00faltimas d\u00e9cadas, n\u00f3s n\u00e3o vamos deixar de ter inc\u00eandios. Para o ano, se tivermos a mesma onda de calor, vai ser exatamente igual.&#8221;<\/p>\n<p>Por fim, h\u00e1 a quest\u00e3o dos meios a\u00e9reos. Montenegro foi lento a pedir ajuda, considera Miguel Sousa Tavares: &#8220;Devia ter chamado os avi\u00f5es estrangeiros&#8221;. Contudo, o problema maior nem \u00e9 esse para o comentador: &#8220;Portugal prepara-se para comprar uma esquadrilha inteira de F-35 \u2013 que custam entre 100 milh\u00f5es e 120 milh\u00f5es de euros cada \u2013 e n\u00e3o tem uma frota de avi\u00f5es para combater inc\u00eandios&#8221;.<\/p>\n<p>F1 no Algarve: &#8220;Ele est\u00e1 a brincar connosco?&#8221; <\/p>\n<p>Miguel Sousa Tavares vive no Algarve e garante que se h\u00e1 algo que o Algarve n\u00e3o tem, sobretudo nos meses quentes, \u00e9 falta de gente. &#8220;No outro dia estive num restaurante com a fam\u00edlia, \u00e9ramos sete ou oito, esper\u00e1mos uma hora e um quarto.&#8221; Dito isto, surge a quest\u00e3o: &#8220;Quando Montenegro diz que a F1 \u00e9 essencial para promover o Algarve, ele est\u00e1 a brincar connosco?&#8221;<\/p>\n<p>&#8220;O que promove o Algarve, e mal, s\u00e3o estes inc\u00eandios. Depois: n\u00e3o haver lugar para estacionar nas praias, n\u00e3o haver servi\u00e7os de sa\u00fade, n\u00e3o haver infraestruturas, \u00e0s vezes faltar a \u00e1gua\u2026 Este \u00e9 o Algarve que n\u00e3o vale a pena promover. N\u00f3s n\u00e3o precisamos de mais gente no Algarve e l\u00e1 vai ele gastar 30 milh\u00f5es ou 40 milh\u00f5es a promover a F1 no Algarve, que \u00e9 o mesmo que vai gastar a indemnizar as pessoas que tiveram danos nos inc\u00eandios.&#8221;<\/p>\n<p>N\u00e3o h\u00e1 garantias de seguran\u00e7a sem for\u00e7as estrangeiras na Ucr\u00e2nia <\/p>\n<p>Miguel Sousa Tavares tem estado atento ao que se tem passado nas \u00faltimas semanas entre Putin, Trump, Zelensky e os aliados europeus e conclui assim: &#8220;Com certeza que houve uma evolu\u00e7\u00e3o. Nos \u00faltimos tr\u00eas anos n\u00e3o havia nada e, gra\u00e7as a Trump, as duas partes est\u00e3o a preparar-se para falar. Isso foi um grande avan\u00e7o, porque at\u00e9 aqui na guerra da Ucr\u00e2nia a posi\u00e7\u00e3o oficial foi \u2018n\u00e3o h\u00e1 discuss\u00f5es de paz, n\u00e3o h\u00e1 nada, continua a guerra eternamente&#8217;\u201d, afirma Miguel Sousa Tavares.<\/p>\n<p>&#8220;Durante muito tempo era Zelensky, empurrado pela UE, que n\u00e3o queria discutir a paz. Agora \u00e9 Putin que est\u00e1 por cima e n\u00e3o quer discutir a paz a n\u00e3o ser nas condi\u00e7\u00f5es dele,&#8221;<\/p>\n<p>Miguel Sousa Tavares tem uma certeza: &#8220;Sem for\u00e7as estrangeiras n\u00e3o h\u00e1 forma de haver qualquer garantia de seguran\u00e7a&#8221;. Diz que a Hist\u00f3ria comprova isso mesmo ao &#8220;estar\u00a0cheia de ced\u00eancias de territ\u00f3rios injustas e injustificadas determinadas pela rela\u00e7\u00e3o das for\u00e7as no terreno de batalha&#8221;. &#8220;Quando h\u00e1 uma guerra, \u00e9 dif\u00edcil que ambas as partes ganhem.&#8221;<\/p>\n<p>\u00a0<\/p>\n<p>LEIA E VEJA MAIS\u00a0\u21d2\u00a0<a href=\"https:\/\/cnnportugal.iol.pt\/miguel-sousa-tavares\/teresa-caeiro\/miguel-sousa-tavares-sentes-te-de-consciencia-tranquila-mais-do-que-isso-pelo-amor-de-deus\/20250821\/68a78779d34ef72ee449ad17\" target=\"_blank\" rel=\"nofollow noopener\">&#8220;Miguel Sousa Tavares, sentes-te de consci\u00eancia tranquila?&#8221; &#8220;Mais do que isso. Pelo amor de Deus&#8221;<\/a><\/p>\n","protected":false},"excerpt":{"rendered":"Ucr\u00e2nia, inc\u00eandios, o Grande Pr\u00e9mio de F\u00f3rmula 1 do Algarve marcaram a 5.\u00aa Coluna desta semana, na TVI&hellip;\n","protected":false},"author":2,"featured_media":40172,"comment_status":"","ping_status":"","sticky":false,"template":"","format":"standard","meta":{"footnotes":"","_share_on_mastodon":"0"},"categories":[50],"tags":[12271,609,611,27,28,607,608,604,610,539,970,15,16,3525,14,2830,603,25,26,570,1447,21,22,606,12270,62,12,13,19,20,602,32,23,24,58,605,11068,17,18,29,30,31,63,64,65],"class_list":["post-40171","post","type-post","status-publish","format-standard","has-post-thumbnail","category-mundo","tag-5-a-coluna","tag-alerta","tag-ao-minuto","tag-breaking-news","tag-breakingnews","tag-cnn","tag-cnn-portugal","tag-crime","tag-direto","tag-educacao","tag-f1","tag-featured-news","tag-featurednews","tag-fogos","tag-headlines","tag-incendios","tag-justica","tag-latest-news","tag-latestnews","tag-live","tag-luis-montenegro","tag-main-news","tag-mainnews","tag-meteorologia","tag-miguel-sousa-tavares","tag-mundo","tag-news","tag-noticias","tag-noticias-principais","tag-noticiasprincipais","tag-pais","tag-portugal","tag-principais-noticias","tag-principaisnoticias","tag-sociedade","tag-tempo","tag-teresa-caeiro","tag-top-stories","tag-topstories","tag-ultimas","tag-ultimas-noticias","tag-ultimasnoticias","tag-world","tag-world-news","tag-worldnews"],"share_on_mastodon":{"url":"","error":""},"_links":{"self":[{"href":"https:\/\/www.europesays.com\/pt\/wp-json\/wp\/v2\/posts\/40171","targetHints":{"allow":["GET"]}}],"collection":[{"href":"https:\/\/www.europesays.com\/pt\/wp-json\/wp\/v2\/posts"}],"about":[{"href":"https:\/\/www.europesays.com\/pt\/wp-json\/wp\/v2\/types\/post"}],"author":[{"embeddable":true,"href":"https:\/\/www.europesays.com\/pt\/wp-json\/wp\/v2\/users\/2"}],"replies":[{"embeddable":true,"href":"https:\/\/www.europesays.com\/pt\/wp-json\/wp\/v2\/comments?post=40171"}],"version-history":[{"count":0,"href":"https:\/\/www.europesays.com\/pt\/wp-json\/wp\/v2\/posts\/40171\/revisions"}],"wp:featuredmedia":[{"embeddable":true,"href":"https:\/\/www.europesays.com\/pt\/wp-json\/wp\/v2\/media\/40172"}],"wp:attachment":[{"href":"https:\/\/www.europesays.com\/pt\/wp-json\/wp\/v2\/media?parent=40171"}],"wp:term":[{"taxonomy":"category","embeddable":true,"href":"https:\/\/www.europesays.com\/pt\/wp-json\/wp\/v2\/categories?post=40171"},{"taxonomy":"post_tag","embeddable":true,"href":"https:\/\/www.europesays.com\/pt\/wp-json\/wp\/v2\/tags?post=40171"}],"curies":[{"name":"wp","href":"https:\/\/api.w.org\/{rel}","templated":true}]}}