{"id":40185,"date":"2025-08-22T12:31:09","date_gmt":"2025-08-22T12:31:09","guid":{"rendered":"https:\/\/www.europesays.com\/pt\/40185\/"},"modified":"2025-08-22T12:31:09","modified_gmt":"2025-08-22T12:31:09","slug":"banho-de-sol-transforma-rotina-de-pacientes-no-hospital-estadual-de-aparecida-de-goiania-saude","status":"publish","type":"post","link":"https:\/\/www.europesays.com\/pt\/40185\/","title":{"rendered":"Banho de sol transforma rotina de pacientes no Hospital Estadual de Aparecida de Goi\u00e2nia \u2013 Sa\u00fade"},"content":{"rendered":"<p class=\"has-text-align-center\"><strong>Atividade da Comiss\u00e3o de Humaniza\u00e7\u00e3o da unidade de sa\u00fade do Governo de Goi\u00e1s alia cuidado t\u00e9cnico e empatia, promovendo bem-estar e tranquilidade<\/strong><\/p>\n<p><img fetchpriority=\"high\" decoding=\"async\" width=\"1024\" height=\"574\" alt=\"\" class=\"wp-image-476094 lazyload\" src=\"https:\/\/www.europesays.com\/pt\/wp-content\/uploads\/2025\/08\/BanhoDeSol-1-1024x574.jpeg\"  data- data-eio-rwidth=\"1024\" data-eio-rheight=\"574\"\/>Pacientes do Heapa em mais uma edi\u00e7\u00e3o de banho de sol: bem-estar f\u00edsico e emocional <\/p>\n<p>Com o objetivo de promover qualidade de vida, acolhimento e estimular o bem-estar f\u00edsico e emocional, a Comiss\u00e3o de Humaniza\u00e7\u00e3o do Hospital Estadual de Aparecida de Goi\u00e2nia Cairo Louzada (Heapa) realizou mais uma edi\u00e7\u00e3o da atividade de banho de sol com pacientes internados.<\/p>\n<p>A a\u00e7\u00e3o contou com avalia\u00e7\u00e3o pr\u00e9via da equipe multiprofissional e foi realizada em \u00e1rea externa adequada, garantindo seguran\u00e7a, conforto e privacidade. Durante o momento, os pacientes puderam aproveitar a luz natural, conversar com a equipe e interagir com outros participantes.<\/p>\n<p>\u201cO contato com a luz solar auxilia na regula\u00e7\u00e3o do humor e fortalece o v\u00ednculo entre pacientes e equipe. \u00c9 um gesto simples, mas com grande impacto positivo na recupera\u00e7\u00e3o e no bem-estar\u201d, destacou Leiliane Santos, coordenadora da equipe multiprofissional.<\/p>\n<p>Os pacientes relataram sensa\u00e7\u00e3o de tranquilidade e leveza ap\u00f3s a atividade. Um dos participantes resumiu: \u201cFoi um momento de respiro. Me senti mais animado e confiante.\u201d<\/p>\n<p>De acordo com a diretora-geral da unidade do Governo de Goi\u00e1s, Cristiane Pav\u00e3o, pr\u00e1ticas de humaniza\u00e7\u00e3o como essa s\u00e3o fundamentais para oferecer um cuidado integral, que alia t\u00e9cnica e empatia, tornando a interna\u00e7\u00e3o mais acolhedora e positiva para os pacientes.<\/p>\n<p>H\u00e9lmiton Prateado (texto e foto)\/HMTJ<\/p>\n","protected":false},"excerpt":{"rendered":"Atividade da Comiss\u00e3o de Humaniza\u00e7\u00e3o da unidade de sa\u00fade do Governo de Goi\u00e1s alia cuidado t\u00e9cnico e empatia,&hellip;\n","protected":false},"author":2,"featured_media":40186,"comment_status":"","ping_status":"","sticky":false,"template":"","format":"standard","meta":{"footnotes":""},"categories":[86],"tags":[116,32,33,117],"class_list":{"0":"post-40185","1":"post","2":"type-post","3":"status-publish","4":"format-standard","5":"has-post-thumbnail","7":"category-saude","8":"tag-health","9":"tag-portugal","10":"tag-pt","11":"tag-saude"},"share_on_mastodon":{"url":"","error":""},"_links":{"self":[{"href":"https:\/\/www.europesays.com\/pt\/wp-json\/wp\/v2\/posts\/40185","targetHints":{"allow":["GET"]}}],"collection":[{"href":"https:\/\/www.europesays.com\/pt\/wp-json\/wp\/v2\/posts"}],"about":[{"href":"https:\/\/www.europesays.com\/pt\/wp-json\/wp\/v2\/types\/post"}],"author":[{"embeddable":true,"href":"https:\/\/www.europesays.com\/pt\/wp-json\/wp\/v2\/users\/2"}],"replies":[{"embeddable":true,"href":"https:\/\/www.europesays.com\/pt\/wp-json\/wp\/v2\/comments?post=40185"}],"version-history":[{"count":0,"href":"https:\/\/www.europesays.com\/pt\/wp-json\/wp\/v2\/posts\/40185\/revisions"}],"wp:featuredmedia":[{"embeddable":true,"href":"https:\/\/www.europesays.com\/pt\/wp-json\/wp\/v2\/media\/40186"}],"wp:attachment":[{"href":"https:\/\/www.europesays.com\/pt\/wp-json\/wp\/v2\/media?parent=40185"}],"wp:term":[{"taxonomy":"category","embeddable":true,"href":"https:\/\/www.europesays.com\/pt\/wp-json\/wp\/v2\/categories?post=40185"},{"taxonomy":"post_tag","embeddable":true,"href":"https:\/\/www.europesays.com\/pt\/wp-json\/wp\/v2\/tags?post=40185"}],"curies":[{"name":"wp","href":"https:\/\/api.w.org\/{rel}","templated":true}]}}