{"id":402155,"date":"2026-06-01T01:43:13","date_gmt":"2026-06-01T01:43:13","guid":{"rendered":"https:\/\/www.europesays.com\/pt\/402155\/"},"modified":"2026-06-01T01:43:13","modified_gmt":"2026-06-01T01:43:13","slug":"benfica-pode-fechar-medio-do-brasileirao-por-15-milhoes-de-euros","status":"publish","type":"post","link":"https:\/\/www.europesays.com\/pt\/402155\/","title":{"rendered":"Benfica pode fechar m\u00e9dio do Brasileir\u00e3o por 15 milh\u00f5es de euros"},"content":{"rendered":"<p>&#8211; Advertisement &#8211;<\/p>\n<p><strong>O Benfica aproxima-se da contrata\u00e7\u00e3o de Andr\u00e9, m\u00e9dio defensivo de 19 anos, ao Corinthians por 15 milh\u00f5es de euros. <\/strong><\/p>\n<p class=\"wp-block-paragraph\">O Benfica est\u00e1 perto de contratar Andr\u00e9 por 15 milh\u00f5es de euros, garante a Sport TV. Nas \u00faltimas horas, a R\u00e1dio Craque Neto tinha <a href=\"https:\/\/bolanarede.pt\/especial-bola-na-rede\/atualidade\/imprensa-brasileira-avanca-jogador-do-corinthians-fechado-num-dos-tres-grandes-de-portugal\/\" target=\"_blank\" rel=\"noreferrer noopener nofollow\">avan\u00e7ado que o m\u00e9dio brasileiro estava fechado num dos tr\u00eas grandes de Portugal<\/a>: Benfica,<a href=\"https:\/\/bolanarede.pt\/etiqueta\/sporting\/\" target=\"_blank\" rel=\"noreferrer noopener nofollow\">\u00a0<\/a>FC Porto\u00a0ou\u00a0Sporting.\u00a0<\/p>\n<p class=\"wp-block-paragraph\">Conforme tamb\u00e9m noticiado, o AC Milan tamb\u00e9m tentou comprar Andr\u00e9 por quinze milh\u00f5es de euros. Osmar St\u00e1bile recuou na decis\u00e3o ap\u00f3s ouvir Dorival J\u00fanior, t\u00e9cnico da altura, que considerava Andr\u00e9 uma pe\u00e7a essencial no Corinthians e ent\u00e3o o ex-treinador do clube travou a sa\u00edda do jogador.<\/p>\n<p class=\"wp-block-paragraph\">Nesta temporada, Andr\u00e9 regista at\u00e9 ao momento 29 jogos e marcou cinco golos ao servi\u00e7o do Corinthians, clube a que pertence desde a forma\u00e7\u00e3o.<\/p>\n<p><img fetchpriority=\"high\" decoding=\"async\" width=\"1024\" height=\"652\" src=\"data:image\/svg+xml,%3Csvg%20xmlns=\" http:=\"\" alt=\"Andr\u00e9, Corinthians\" class=\"wp-image-529549 ewww_webp_lazy_load\" data-lazy- data-lazy- data-lazy-src=\"https:\/\/www.europesays.com\/pt\/wp-content\/uploads\/2026\/06\/Andre-Corinthians-1024x652.jpg\" data-lazy-src-webp=\"https:\/\/www.europesays.com\/pt\/wp-content\/uploads\/2026\/06\/Andre-Corinthians-1024x652.jpg.webp\" data-lazy-srcset-webp=\"https:\/\/www.europesays.com\/pt\/wp-content\/uploads\/2026\/06\/Andre-Corinthians-1024x652.jpg.webp 1024w, https:\/\/binny-bolanarede.b-cdn.net\/wp-content\/uploads\/2026\/05\/Andre-Corinthians-300x191.jpg.webp 300w, https:\/\/binny-bolanarede.b-cdn.net\/wp-content\/uploads\/2026\/05\/Andre-Corinthians-768x489.jpg.webp 768w, https:\/\/binny-bolanarede.b-cdn.net\/wp-content\/uploads\/2026\/05\/Andre-Corinthians-1536x979.jpg.webp 1536w, https:\/\/binny-bolanarede.b-cdn.net\/wp-content\/uploads\/2026\/05\/Andre-Corinthians-150x96.jpg.webp 150w, https:\/\/binny-bolanarede.b-cdn.net\/wp-content\/uploads\/2026\/05\/Andre-Corinthians-696x443.jpg.webp 696w, https:\/\/binny-bolanarede.b-cdn.net\/wp-content\/uploads\/2026\/05\/Andre-Corinthians-1068x680.jpg.webp 1068w, https:\/\/binny-bolanarede.b-cdn.net\/wp-content\/uploads\/2026\/05\/Andre-Corinthians.jpg.webp 1846w\"\/>Fonte: Corinthians<\/p>\n","protected":false},"excerpt":{"rendered":"&#8211; Advertisement &#8211; O Benfica aproxima-se da contrata\u00e7\u00e3o de Andr\u00e9, m\u00e9dio defensivo de 19 anos, ao Corinthians por&hellip;\n","protected":false},"author":2,"featured_media":402156,"comment_status":"","ping_status":"","sticky":false,"template":"","format":"standard","meta":{"footnotes":"","_share_on_mastodon":"0"},"categories":[8],"tags":[6472,260,51,1620,27,28,7184,478,15,16,14,25,26,21,22,12,13,19,20,32,23,24,33,17,18,29,30,31],"class_list":["post-402155","post","type-post","status-publish","format-standard","has-post-thumbnail","category-principais-noticias","tag-andre","tag-atualidade","tag-benfica","tag-brasileirao","tag-breaking-news","tag-breakingnews","tag-corinthians","tag-destaques-bnr","tag-featured-news","tag-featurednews","tag-headlines","tag-latest-news","tag-latestnews","tag-main-news","tag-mainnews","tag-news","tag-noticias","tag-noticias-principais","tag-noticiasprincipais","tag-portugal","tag-principais-noticias","tag-principaisnoticias","tag-pt","tag-top-stories","tag-topstories","tag-ultimas","tag-ultimas-noticias","tag-ultimasnoticias"],"share_on_mastodon":{"url":"https:\/\/pubeurope.com\/@pt\/116672319121188201","error":""},"_links":{"self":[{"href":"https:\/\/www.europesays.com\/pt\/wp-json\/wp\/v2\/posts\/402155","targetHints":{"allow":["GET"]}}],"collection":[{"href":"https:\/\/www.europesays.com\/pt\/wp-json\/wp\/v2\/posts"}],"about":[{"href":"https:\/\/www.europesays.com\/pt\/wp-json\/wp\/v2\/types\/post"}],"author":[{"embeddable":true,"href":"https:\/\/www.europesays.com\/pt\/wp-json\/wp\/v2\/users\/2"}],"replies":[{"embeddable":true,"href":"https:\/\/www.europesays.com\/pt\/wp-json\/wp\/v2\/comments?post=402155"}],"version-history":[{"count":0,"href":"https:\/\/www.europesays.com\/pt\/wp-json\/wp\/v2\/posts\/402155\/revisions"}],"wp:featuredmedia":[{"embeddable":true,"href":"https:\/\/www.europesays.com\/pt\/wp-json\/wp\/v2\/media\/402156"}],"wp:attachment":[{"href":"https:\/\/www.europesays.com\/pt\/wp-json\/wp\/v2\/media?parent=402155"}],"wp:term":[{"taxonomy":"category","embeddable":true,"href":"https:\/\/www.europesays.com\/pt\/wp-json\/wp\/v2\/categories?post=402155"},{"taxonomy":"post_tag","embeddable":true,"href":"https:\/\/www.europesays.com\/pt\/wp-json\/wp\/v2\/tags?post=402155"}],"curies":[{"name":"wp","href":"https:\/\/api.w.org\/{rel}","templated":true}]}}