{"id":402274,"date":"2026-06-01T05:56:48","date_gmt":"2026-06-01T05:56:48","guid":{"rendered":"https:\/\/www.europesays.com\/pt\/402274\/"},"modified":"2026-06-01T05:56:48","modified_gmt":"2026-06-01T05:56:48","slug":"fabio-paim-mostra-se-ao-lado-de-lendas-do-futebol-que-todos-conhecem-parecia-impossivel-secret-story","status":"publish","type":"post","link":"https:\/\/www.europesays.com\/pt\/402274\/","title":{"rendered":"F\u00e1bio Paim mostra-se ao lado de lendas do futebol que todos conhecem: \u00abParecia imposs\u00edvel\u00bb &#8211; Secret Story"},"content":{"rendered":"<p data-end=\"464\" data-start=\"349\"><a href=\"https:\/\/tvi.iol.pt\/secretstory\/porsche\/futebol\/varios-milhares-ex-concorrente-do-big-brother-verao-surpreende-ao-volante-de-porsche-de-colecao\" rel=\"nofollow noopener\" target=\"_blank\"><strong>F\u00e1bio Paim <\/strong><\/a>recorreu \u00e0s redes sociais para partilhar um dos momentos mais marcantes dos \u00faltimos tempos. O ex-futebolista publicou v\u00e1rias fotografias ao lado de personalidades bem conhecidas do mundo do futebol, entre elas <strong>Deco<\/strong>, e aproveitou para abrir o cora\u00e7\u00e3o sobre o significado do encontro.<\/p>\n<p data-end=\"805\" data-start=\"691\"><strong>\u00abH\u00e1 momentos na vida que parecem imposs\u00edveis at\u00e9 acontecerem. Conhecer um \u00eddolo \u00e9 um deles\u00bb<\/strong>, come\u00e7ou por escrever.<\/p>\n<p data-end=\"906\" data-start=\"807\">F\u00e1bio Paim confessou que a emo\u00e7\u00e3o foi ainda maior por ter acontecido numa fase mais madura da vida: \u00ab\u00c9 estranho explicar a sensa\u00e7\u00e3o de estar \u00e0 frente de algu\u00e9m que admiramos durante anos, algu\u00e9m que acompanhou fases da nossa vida sem sequer saber que exist\u00edamos\u00bb, refletiu.<\/p>\n<p data-end=\"1162\" data-start=\"1083\">O antigo jogador admitiu ainda que nunca esperou viver um momento deste g\u00e9nero: \u00abCrescemos a pensar que era um sonho distante, quase imposs\u00edvel. A vida acontece, os anos passam, e aprendemos a n\u00e3o esperar demasiado de certas coisas. Mas depois, sem aviso, acontece\u00bb, escreveu.<\/p>\n<p data-end=\"1444\" data-start=\"1362\">Na mesma publica\u00e7\u00e3o, F\u00e1bio Paim revelou que o encontro o fez regressar \u00e0 inf\u00e2ncia: \u00abNaquele momento voltamos a sentir-nos um pouco crian\u00e7as outra vez. O cora\u00e7\u00e3o acelera, as palavras falham e por segundos parece que o tempo p\u00e1ra\u00bb, confessou.<\/p>\n<p data-end=\"1753\" data-start=\"1605\">O ex-futebolista terminou a reflex\u00e3o com uma mensagem inspiradora: \u00abH\u00e1 sonhos que demoram, mas quando chegam, t\u00eam um sabor completamente diferente\u00bb.<\/p>\n<p data-end=\"1883\" data-is-last-node=\"\" data-is-only-node=\"\" data-start=\"1755\">As imagens rapidamente reuniram centenas de rea\u00e7\u00f5es dos seguidores, que se identificaram com a emo\u00e7\u00e3o partilhada por F\u00e1bio Paim. Veja-as na galeria acima.<\/p>\n<p>\u00a0<br \/>\nDois futebolistas \u00e9picos numa imagem. Lenda dos realities surge acompanhado do filho de Cristiano Ronaldo <\/p>\n<p><strong>F\u00e1bio Paim, ex concorrente do Big Brother Ver\u00e3o<\/strong>, fez uma publica\u00e7\u00e3o no Instagram onde surge<strong> junto de Cristianinho<\/strong>, filho do seu ex colega de equipa, C<strong>ristiano Ronaldo.\u00a0<\/strong><\/p>\n<p>Na descri\u00e7\u00e3o da fotografia, o ex futebolista disse: <strong>\u00abContinua a crescer e continua com a tua humildade.\u00bb.\u00a0<\/strong>Esta imagem est\u00e1 a dar que falar, pois <strong>F\u00e1bio Paim e Cristiano Ronaldo foram colegas de equipa no Sporting Clube de Portugal<\/strong>. A reviravolta que F\u00e1bio viveu no mundo desportivo j\u00e1 foi abordada pelo pr\u00f3prio ao longo do seu percurso no Big Brother Ver\u00e3o.\u00a0<\/p>\n<p>Agora, fora dos relvados, o ex concorrente do reality show da TVI teve o privil\u00e9gio de se cruzar com uma lenda das camadas jovens do futebol. Esta imagem acarreta um valor sentimental pela proximidade que <a href=\"https:\/\/tvi.iol.pt\/bigbrother\/fabio-paim\/18-08-2025\/sem-tabus-fabio-paim-revela-pormenores-dos-filmes-pornograficos-que-fez-e-ate-quanto-lhe-pagaram\" rel=\"nofollow noopener\" target=\"_blank\"><strong>F\u00e1bio Paim<\/strong><\/a> j\u00e1 teve com Cristiano Ronaldo, quando os dois eram jovens e viviam o sonho do futebol, ainda no in\u00edcio de carreira.<\/p>\n<p><strong>Veja a publica\u00e7\u00e3o.<\/strong><\/p>\n<blockquote class=\"instagram-media\" data-instgrm-captioned=\"\" data-instgrm-permalink=\"https:\/\/www.instagram.com\/p\/DUqnRE4jE1u\/?utm_source=ig_embed&amp;utm_campaign=loading\" data-instgrm-version=\"14\" style=\" background:#FFF; border:0; border-radius:3px; box-shadow:0 0 1px 0 rgba(0,0,0,0.5),0 1px 10px 0 rgba(0,0,0,0.15); margin: 1px; max-width:540px; min-width:326px; padding:0; width:99.375%; width:-webkit-calc(100% - 2px); width:calc(100% - 2px);\">\n<\/blockquote>\n<p>                        <script async src=\"\/\/www.instagram.com\/embed.js\"><\/script><\/p>\n","protected":false},"excerpt":{"rendered":"F\u00e1bio Paim recorreu \u00e0s redes sociais para partilhar um dos momentos mais marcantes dos \u00faltimos tempos. O ex-futebolista&hellip;\n","protected":false},"author":2,"featured_media":34572,"comment_status":"","ping_status":"","sticky":false,"template":"","format":"standard","meta":{"footnotes":"","_share_on_mastodon":"0"},"categories":[142],"tags":[18706,5798,114,115,18705,337,524,32,33,151,18704],"class_list":["post-402274","post","type-post","status-publish","format-standard","has-post-thumbnail","category-tv","tag-bastidores-secret-story","tag-deco","tag-entertainment","tag-entretenimento","tag-entrevistas-concorrentes-tvi","tag-fabio-paim","tag-futebol","tag-portugal","tag-pt","tag-tv","tag-vida-fora-da-casa"],"share_on_mastodon":{"url":"https:\/\/pubeurope.com\/@pt\/116673313892564177","error":""},"_links":{"self":[{"href":"https:\/\/www.europesays.com\/pt\/wp-json\/wp\/v2\/posts\/402274","targetHints":{"allow":["GET"]}}],"collection":[{"href":"https:\/\/www.europesays.com\/pt\/wp-json\/wp\/v2\/posts"}],"about":[{"href":"https:\/\/www.europesays.com\/pt\/wp-json\/wp\/v2\/types\/post"}],"author":[{"embeddable":true,"href":"https:\/\/www.europesays.com\/pt\/wp-json\/wp\/v2\/users\/2"}],"replies":[{"embeddable":true,"href":"https:\/\/www.europesays.com\/pt\/wp-json\/wp\/v2\/comments?post=402274"}],"version-history":[{"count":0,"href":"https:\/\/www.europesays.com\/pt\/wp-json\/wp\/v2\/posts\/402274\/revisions"}],"wp:featuredmedia":[{"embeddable":true,"href":"https:\/\/www.europesays.com\/pt\/wp-json\/wp\/v2\/media\/34572"}],"wp:attachment":[{"href":"https:\/\/www.europesays.com\/pt\/wp-json\/wp\/v2\/media?parent=402274"}],"wp:term":[{"taxonomy":"category","embeddable":true,"href":"https:\/\/www.europesays.com\/pt\/wp-json\/wp\/v2\/categories?post=402274"},{"taxonomy":"post_tag","embeddable":true,"href":"https:\/\/www.europesays.com\/pt\/wp-json\/wp\/v2\/tags?post=402274"}],"curies":[{"name":"wp","href":"https:\/\/api.w.org\/{rel}","templated":true}]}}