{"id":402402,"date":"2026-06-01T09:16:11","date_gmt":"2026-06-01T09:16:11","guid":{"rendered":"https:\/\/www.europesays.com\/pt\/402402\/"},"modified":"2026-06-01T09:16:11","modified_gmt":"2026-06-01T09:16:11","slug":"vladimir-putin-tem-duas-razoes-para-avisar-a-romenia-paulo-portas-explica-porque-e-improvavel-que-ataque-tenha-sido-acidental","status":"publish","type":"post","link":"https:\/\/www.europesays.com\/pt\/402402\/","title":{"rendered":"Vladimir Putin &#8220;tem duas raz\u00f5es para avisar&#8221; a Rom\u00e9nia. Paulo Portas explica porque \u00e9 improv\u00e1vel que &#8220;ataque tenha sido acidental&#8221;"},"content":{"rendered":"<p>                O comentador lembra que existe, neste momento, instabilidade pol\u00edtica em Bucareste, algo que chamou a aten\u00e7\u00e3o de Putin<\/p>\n<p style=\"margin-bottom:11px\">Paulo Portas considera que o ataque com drones russos em territ\u00f3rio romeno dificilmente ter\u00e1 sido um acidente. No espa\u00e7o de coment\u00e1rio \u201cGlobal\u201d, no Jornal Nacional, o comentador da TVI, do mesmo grupo da CNN Portugal, defendeu que Moscovo quis deixar um sinal pol\u00edtico claro a Bucareste.<\/p>\n<p>\u201cN\u00e3o me parece que tenha sido acidente, embora a tese mais simp\u00e1tica seja essa\u201d, afirma e justifica: Vladimir Putin \u201ctem duas raz\u00f5es para avisar a Rom\u00e9nia\u201d.<\/p>\n<p>A primeira, explica Paulo Portas, \u00e9 \u201ca tentativa que se vai desenvolvendo da Moldova de se aproximar institucionalmente da Rom\u00e9nia\u201d, lembrando que os dois pa\u00edses est\u00e3o \u201cpraticamente ligados em termos culturais\u201d.<\/p>\n<p>A segunda prende-se com a instabilidade pol\u00edtica em Bucareste. \u201cA Rom\u00e9nia est\u00e1 sem Governo\u201d, sublinha. Apesar de registar um crescimento econ\u00f3mico s\u00f3lido, o pa\u00eds enfrenta \u201cum d\u00e9fice medonho\u201d e precisava de reequilibrar as contas p\u00fablicas. O comentador recorda que o executivo romeno foi derrubado ao fim de apenas 11 meses por uma alian\u00e7a improv\u00e1vel entre socialistas e extrema-direita.\u00a0<\/p>\n<p>J\u00e1 sobre o atual impasse entre Washington e Teer\u00e3o, Paulo Portas considera que o bloqueio est\u00e1 menos ligado ao conte\u00fado das negocia\u00e7\u00f5es e mais a uma disputa de afirma\u00e7\u00e3o pol\u00edtica entre as duas partes.<\/p>\n<p>\u201cAparentemente n\u00e3o h\u00e1 evolu\u00e7\u00e3o. Esteve para haver, mas aparentemente os Estados Unidos e o Ir\u00e3o n\u00e3o est\u00e3o a discutir palavras, est\u00e3o a discutir orgulhos\u201d, come\u00e7ou por defender.<\/p>\n<p>Para o comentador, o erro come\u00e7a na forma como o processo tem sido conduzido. \u201cFalam demais e colocam as expectativas muito alto. \u2018Eu nunca aceitarei isto, eu nunca aceitarei aquilo\u2019. E assim \u00e9 muito dif\u00edcil fazer uma negocia\u00e7\u00e3o que depende da descri\u00e7\u00e3o e de algum sil\u00eancio\u201d, sublinha.<\/p>\n<p>Apesar do bloqueio, Paulo Portas sustenta que a via diplom\u00e1tica acabar\u00e1 por impor-se. \u201cMais tarde ou mais cedo, \u00e9 inevit\u00e1vel o in\u00edcio de uma solu\u00e7\u00e3o diplom\u00e1tica, porque n\u00e3o h\u00e1 solu\u00e7\u00e3o militar para o Estreito de Ormuz\u201d, afirma, alertando ainda que a continua\u00e7\u00e3o do impasse \u201cdegrada e deteriora a economia mundial\u201d.<\/p>\n<p>A fragilidade de S\u00e1nchez <\/p>\n<p>O coment\u00e1rio passou tamb\u00e9m por Espanha, onde Pedro S\u00e1nchez continua politicamente fragilizado, mas protegido pelo mecanismo da mo\u00e7\u00e3o de censura construtiva previsto na Constitui\u00e7\u00e3o.<\/p>\n<p>\u201c\u00c9 isso que o aguenta\u201d, resume Portas, apesar de considerar que \u201ca deteriora\u00e7\u00e3o das condi\u00e7\u00f5es pol\u00edticas de S\u00e1nchez n\u00e3o me parece revers\u00edvel\u201d.<\/p>\n<p>O comentador da TVI considera \u201cintrigante\u201d que Pedro S\u00e1nchez continue no poder quando tem \u201co seu n\u00famero dois, depois o seu n\u00famero tr\u00eas, depois o seu n\u00famero quatro, ou presos ou envolvidos em incidentes judiciais bastante s\u00e9rios\u201d, a que se soma ainda o antigo primeiro-ministro Jos\u00e9 Luis Rodr\u00edguez Zapatero, descrito como \u201co seu inspirador e mentor\u201d, tamb\u00e9m ele associado a problemas judiciais.<\/p>\n<p>A explica\u00e7\u00e3o, diz Paulo Portas, est\u00e1 na chamada mo\u00e7\u00e3o de censura construtiva prevista no artigo 113 da Constitui\u00e7\u00e3o espanhola.<\/p>\n<p>\u201cEst\u00e1 no artigo 113 da Constitui\u00e7\u00e3o. Para uma mo\u00e7\u00e3o de censura passar, \u00e9 preciso maioria absoluta dos votos, ou seja, 176, e que esses 176 votos sejam a favor de um candidato alternativo a presidente do Governo. \u00c9 aqui que est\u00e1 o bus\u00edlis.\u201d<\/p>\n<p>Segundo Portas, esta regra \u201cfoi inventada para evitar derrubes sistem\u00e1ticos dos governos\u201d, mas considera que, no atual contexto, \u201ctornou-se um obst\u00e1culo \u00e0 mudan\u00e7a\u201d. \u201cIsto \u00e9 muito duro, o que o PSOE est\u00e1 a passar\u201d, acrescentou.<\/p>\n","protected":false},"excerpt":{"rendered":"O comentador lembra que existe, neste momento, instabilidade pol\u00edtica em Bucareste, algo que chamou a aten\u00e7\u00e3o de Putin&hellip;\n","protected":false},"author":2,"featured_media":402403,"comment_status":"","ping_status":"","sticky":false,"template":"","format":"standard","meta":{"footnotes":"","_share_on_mastodon":"0"},"categories":[50],"tags":[609,611,27,28,607,608,604,610,66416,539,15,16,889,14,5453,603,25,26,570,21,22,606,62,12,13,19,20,602,13449,17553,32,23,24,3813,839,58,605,17,18,840,29,30,31,63,64,65],"class_list":["post-402402","post","type-post","status-publish","format-standard","has-post-thumbnail","category-mundo","tag-alerta","tag-ao-minuto","tag-breaking-news","tag-breakingnews","tag-cnn","tag-cnn-portugal","tag-crime","tag-direto","tag-drone-russo","tag-educacao","tag-featured-news","tag-featurednews","tag-guerra-na-ucrania","tag-headlines","tag-irao","tag-justica","tag-latest-news","tag-latestnews","tag-live","tag-main-news","tag-mainnews","tag-meteorologia","tag-mundo","tag-news","tag-noticias","tag-noticias-principais","tag-noticiasprincipais","tag-pais","tag-paulo-portas","tag-pedro-sanchez","tag-portugal","tag-principais-noticias","tag-principaisnoticias","tag-putin","tag-russia","tag-sociedade","tag-tempo","tag-top-stories","tag-topstories","tag-ucrania","tag-ultimas","tag-ultimas-noticias","tag-ultimasnoticias","tag-world","tag-world-news","tag-worldnews"],"share_on_mastodon":{"url":"","error":"Validation failed: Text character limit of 500 exceeded"},"_links":{"self":[{"href":"https:\/\/www.europesays.com\/pt\/wp-json\/wp\/v2\/posts\/402402","targetHints":{"allow":["GET"]}}],"collection":[{"href":"https:\/\/www.europesays.com\/pt\/wp-json\/wp\/v2\/posts"}],"about":[{"href":"https:\/\/www.europesays.com\/pt\/wp-json\/wp\/v2\/types\/post"}],"author":[{"embeddable":true,"href":"https:\/\/www.europesays.com\/pt\/wp-json\/wp\/v2\/users\/2"}],"replies":[{"embeddable":true,"href":"https:\/\/www.europesays.com\/pt\/wp-json\/wp\/v2\/comments?post=402402"}],"version-history":[{"count":0,"href":"https:\/\/www.europesays.com\/pt\/wp-json\/wp\/v2\/posts\/402402\/revisions"}],"wp:featuredmedia":[{"embeddable":true,"href":"https:\/\/www.europesays.com\/pt\/wp-json\/wp\/v2\/media\/402403"}],"wp:attachment":[{"href":"https:\/\/www.europesays.com\/pt\/wp-json\/wp\/v2\/media?parent=402402"}],"wp:term":[{"taxonomy":"category","embeddable":true,"href":"https:\/\/www.europesays.com\/pt\/wp-json\/wp\/v2\/categories?post=402402"},{"taxonomy":"post_tag","embeddable":true,"href":"https:\/\/www.europesays.com\/pt\/wp-json\/wp\/v2\/tags?post=402402"}],"curies":[{"name":"wp","href":"https:\/\/api.w.org\/{rel}","templated":true}]}}