{"id":402672,"date":"2026-06-01T13:36:24","date_gmt":"2026-06-01T13:36:24","guid":{"rendered":"https:\/\/www.europesays.com\/pt\/402672\/"},"modified":"2026-06-01T13:36:24","modified_gmt":"2026-06-01T13:36:24","slug":"o-missil-que-abalou-os-eua-tudo-aponta-para-a-china-no-abate-de-um-f-15e-no-irao","status":"publish","type":"post","link":"https:\/\/www.europesays.com\/pt\/402672\/","title":{"rendered":"O m\u00edssil que abalou os EUA: tudo aponta para a China no abate de um F-15E no Ir\u00e3o"},"content":{"rendered":"<p>As rela\u00e7\u00f5es entre os EUA e a China podem estar muito tensas, mais do que atualmente transparece. A verdade \u00e9 que o abate de um ca\u00e7a norte-americano F-15E Strike Eagle sobre territ\u00f3rio iraniano continua a gerar ondas de choque em Washington. Este ataque poder\u00e1 ter &#8220;m\u00e3o&#8221; chinesa!<\/p>\n<p><a target=\"_blank\" href=\"https:\/\/pplware.sapo.pt\/wp-content\/uploads\/2026\/06\/china_abate_aviao_eua00.webp\" rel=\"nofollow noopener\"><img fetchpriority=\"high\" decoding=\"async\" src=\"https:\/\/www.europesays.com\/pt\/wp-content\/uploads\/2026\/06\/china_abate_aviao_eua00-720x405.webp\" alt=\"Imagem de um ca\u00e7a norte-americano F-15E abatido pelo Ir\u00e3o com suposta ajuda da China\" width=\"720\" height=\"405\" class=\"aligncenter wp-image-1122301 size-medium\"  \/><\/a><\/p>\n<p>O epis\u00f3dio, que j\u00e1 era considerado raro pela simples <strong>perda de um dos mais avan\u00e7ados avi\u00f5es da For\u00e7a A\u00e9rea dos EUA<\/strong>, tornou-se ainda mais sens\u00edvel devido a um detalhe que est\u00e1 agora sob investiga\u00e7\u00e3o: <strong>tudo indica que a aeronave ter\u00e1 sido atingida por um m\u00edssil de origem chinesa<\/strong>.<\/p>\n<p>Segundo v\u00e1rios relatos baseados em fontes ligadas \u00e0s investiga\u00e7\u00f5es norte-americanas, o F-15E ter\u00e1 sido atingido por um sistema MANPADS (<a target=\"_blank\" href=\"https:\/\/en.wikipedia.org\/wiki\/Man-portable_air-defense_system\" rel=\"nofollow noopener\">Man-Portable Air Defense System<\/a>), ou seja, um m\u00edssil port\u00e1til lan\u00e7ado a partir do solo. As <strong>suspeitas apontam para um modelo desenvolvido na China<\/strong> e posteriormente fornecido ao Ir\u00e3o.<\/p>\n<p><a target=\"_blank\" href=\"https:\/\/pplware.sapo.pt\/wp-content\/uploads\/2026\/06\/china_abate_aviao_eua01.webp\" rel=\"nofollow noopener\"><img loading=\"lazy\" decoding=\"async\" src=\"https:\/\/www.europesays.com\/pt\/wp-content\/uploads\/2026\/06\/china_abate_aviao_eua01-720x405.webp\" alt=\"\" width=\"720\" height=\"405\" class=\"aligncenter size-medium wp-image-1122304\"  \/><\/a><\/p>\n<p>Um acontecimento extremamente raro<\/p>\n<p>Os EUA perderam muito poucos ca\u00e7as em combate nas \u00faltimas d\u00e9cadas. O caso ganha ainda mais relev\u00e2ncia porque <strong>ter\u00e1 sido a primeira vez em muitos anos que um ca\u00e7a norte-americano foi abatido diretamente<\/strong> por fogo inimigo durante uma opera\u00e7\u00e3o militar.<\/p>\n<p>O <a target=\"_blank\" href=\"https:\/\/pplware.sapo.pt\/informacao\/irao-tem-uma-arma-secreta-fornecida-pela-china\/\" rel=\"nofollow noopener\">incidente ocorreu em abril<\/a>, durante a guerra entre os EUA, Israel e o Ir\u00e3o. Os dois tripulantes conseguiram ejetar-se. O piloto foi recuperado poucas horas depois, mas o oficial de sistemas de armas permaneceu escondido nas montanhas Zagros durante cerca de dois dias, <strong>obrigando os EUA a desencadear uma das mais complexas opera\u00e7\u00f5es de resgate<\/strong> da hist\u00f3ria recente.<\/p>\n<p>O verdadeiro problema pode n\u00e3o ser o m\u00edssil<\/p>\n<p>Embora o m\u00edssil seja o elemento que mais chama a aten\u00e7\u00e3o, v\u00e1rios analistas acreditam que a quest\u00e3o mais preocupante para <strong>Washington poder\u00e1 estar noutro sistema igualmente associado \u00e0 China<\/strong>.<\/p>\n<p>Informa\u00e7\u00f5es divulgadas por meios norte-americanos indicam que <strong>Pequim poder\u00e1 ter fornecido ao Ir\u00e3o radares de alerta antecipado de longo alcance<\/strong>, incluindo sistemas capazes de detetar aeronaves furtivas. Esses equipamentos teriam aumentado significativamente a capacidade iraniana para localizar e acompanhar avi\u00f5es avan\u00e7ados norte-americanos.<\/p>\n<p>Na pr\u00e1tica, o problema n\u00e3o seria apenas a exist\u00eancia de um m\u00edssil eficaz, mas sim uma cadeia tecnol\u00f3gica completa composta por radares, sistemas de dete\u00e7\u00e3o e defesa antia\u00e9rea capazes de reduzir uma das maiores vantagens dos EUA, isto \u00e9, a\u00a0 superioridade a\u00e9rea.<\/p>\n<p><a target=\"_blank\" href=\"https:\/\/pplware.sapo.pt\/wp-content\/uploads\/2026\/06\/china_abate_aviao_eua03.webp\" rel=\"nofollow noopener\"><img loading=\"lazy\" decoding=\"async\" src=\"https:\/\/www.europesays.com\/pt\/wp-content\/uploads\/2026\/06\/china_abate_aviao_eua03-720x405.webp\" alt=\"\" width=\"720\" height=\"405\" class=\"aligncenter size-medium wp-image-1122309\"  \/><\/a><\/p>\n<p>A China entra no centro da discuss\u00e3o<\/p>\n<p>O caso surge numa altura particularmente delicada das rela\u00e7\u00f5es entre Washington e Pequim.\u00a0Segundo as informa\u00e7\u00f5es conhecidas, os servi\u00e7os de intelig\u00eancia norte-americanos est\u00e3o a investigar at\u00e9 que ponto a <strong>China poder\u00e1 ter ajudado o Ir\u00e3o durante o conflito<\/strong>.<\/p>\n<p>Ainda n\u00e3o existem provas p\u00fablicas de fornecimentos diretos recentes, mas o simples facto de armamento e tecnologia chinesa terem sido utilizados contra um ca\u00e7a dos EUA est\u00e1 a aumentar a press\u00e3o pol\u00edtica sobre a administra\u00e7\u00e3o norte-americana.<\/p>\n<p>A situa\u00e7\u00e3o \u00e9 ainda mais sens\u00edvel porque o Presidente dos EUA, Donald Trump, tinha procurado recentemente o <strong>apoio de Pequim para ajudar a reduzir as tens\u00f5es no M\u00e9dio Oriente<\/strong>.<\/p>\n<p>Um aviso para a avia\u00e7\u00e3o militar ocidental<\/p>\n<p>Durante d\u00e9cadas, os EUA habituaram-se a operar praticamente sem oposi\u00e7\u00e3o a\u00e9rea significativa em muitos cen\u00e1rios de guerra. O incidente com o F-15E mostra que <strong>sistemas relativamente baratos, quando combinados com radares modernos e redes de dete\u00e7\u00e3o avan\u00e7adas<\/strong>, podem representar uma amea\u00e7a real at\u00e9 para aeronaves consideradas de elite.<\/p>\n<p>Se as conclus\u00f5es da investiga\u00e7\u00e3o forem confirmadas, este epis\u00f3dio poder\u00e1 tornar-se um dos exemplos mais relevantes da crescente influ\u00eancia tecnol\u00f3gica chinesa nos conflitos modernos e um sinal de que a superioridade a\u00e9rea ocidental j\u00e1 n\u00e3o pode ser considerada garantida em todos os cen\u00e1rios.<\/p>\n","protected":false},"excerpt":{"rendered":"As rela\u00e7\u00f5es entre os EUA e a China podem estar muito tensas, mais do que atualmente transparece. A&hellip;\n","protected":false},"author":2,"featured_media":402673,"comment_status":"","ping_status":"","sticky":false,"template":"","format":"standard","meta":{"footnotes":"","_share_on_mastodon":"0"},"categories":[50],"tags":[27,28,358,413,57924,15,16,830,14,5453,25,26,21,22,66437,432,11978,62,12,13,19,20,23,24,17,18,29,30,31,63,64,65],"class_list":["post-402672","post","type-post","status-publish","format-standard","has-post-thumbnail","category-mundo","tag-breaking-news","tag-breakingnews","tag-china","tag-eua","tag-f-15","tag-featured-news","tag-featurednews","tag-guerra","tag-headlines","tag-irao","tag-latest-news","tag-latestnews","tag-main-news","tag-mainnews","tag-manpads","tag-medio-oriente","tag-missil","tag-mundo","tag-news","tag-noticias","tag-noticias-principais","tag-noticiasprincipais","tag-principais-noticias","tag-principaisnoticias","tag-top-stories","tag-topstories","tag-ultimas","tag-ultimas-noticias","tag-ultimasnoticias","tag-world","tag-world-news","tag-worldnews"],"share_on_mastodon":{"url":"https:\/\/pubeurope.com\/@pt\/116675123287713459","error":""},"_links":{"self":[{"href":"https:\/\/www.europesays.com\/pt\/wp-json\/wp\/v2\/posts\/402672","targetHints":{"allow":["GET"]}}],"collection":[{"href":"https:\/\/www.europesays.com\/pt\/wp-json\/wp\/v2\/posts"}],"about":[{"href":"https:\/\/www.europesays.com\/pt\/wp-json\/wp\/v2\/types\/post"}],"author":[{"embeddable":true,"href":"https:\/\/www.europesays.com\/pt\/wp-json\/wp\/v2\/users\/2"}],"replies":[{"embeddable":true,"href":"https:\/\/www.europesays.com\/pt\/wp-json\/wp\/v2\/comments?post=402672"}],"version-history":[{"count":0,"href":"https:\/\/www.europesays.com\/pt\/wp-json\/wp\/v2\/posts\/402672\/revisions"}],"wp:featuredmedia":[{"embeddable":true,"href":"https:\/\/www.europesays.com\/pt\/wp-json\/wp\/v2\/media\/402673"}],"wp:attachment":[{"href":"https:\/\/www.europesays.com\/pt\/wp-json\/wp\/v2\/media?parent=402672"}],"wp:term":[{"taxonomy":"category","embeddable":true,"href":"https:\/\/www.europesays.com\/pt\/wp-json\/wp\/v2\/categories?post=402672"},{"taxonomy":"post_tag","embeddable":true,"href":"https:\/\/www.europesays.com\/pt\/wp-json\/wp\/v2\/tags?post=402672"}],"curies":[{"name":"wp","href":"https:\/\/api.w.org\/{rel}","templated":true}]}}