{"id":403410,"date":"2026-06-02T02:33:19","date_gmt":"2026-06-02T02:33:19","guid":{"rendered":"https:\/\/www.europesays.com\/pt\/403410\/"},"modified":"2026-06-02T02:33:19","modified_gmt":"2026-06-02T02:33:19","slug":"benfica-ultrapassa-os-20-milhoes-de-euros-por-medio-eis-o-que-o-bola-na-rede-sabe","status":"publish","type":"post","link":"https:\/\/www.europesays.com\/pt\/403410\/","title":{"rendered":"Benfica ultrapassa os 20 milh\u00f5es de euros por m\u00e9dio: eis o que o Bola na Rede sabe"},"content":{"rendered":"<p>&#8211; Advertisement &#8211;<\/p>\n<p><strong>Andr\u00e9 est\u00e1 muito perto do Benfica. \u00c1guias fizeram proposta de 18 milh\u00f5es de euros + 3 milh\u00f5es de euros pelo m\u00e9dio de 19 anos do Corinthians.<\/strong><\/p>\n<p class=\"wp-block-paragraph\">Andr\u00e9 est\u00e1 muito perto de ser jogador do Benfica, clube que fez uma proposta de 18 milh\u00f5es de euros + 3 milh\u00f5es de euros. Depois de j\u00e1 ter sido <a href=\"https:\/\/bolanarede.pt\/especial-bola-na-rede\/atualidade\/benfica-pode-fechar-medio-do-brasileirao-por-15-milhoes-de-euros\/\" target=\"_blank\" rel=\"noreferrer noopener nofollow\">avan\u00e7ado a proximidade<\/a>, Lu\u00eds Pinto Coelho, comentador do Lei do Mercado (podcast, que<a href=\"https:\/\/bolanarede.pt\/especial-bola-na-rede\/podcast\/lei-do-mercado-89-2-nomes-na-rota-do-benfica-saidas-no-sporting-e-fc-porto-e-diogo-dalot-com-caminho-aberto-para-se-juntar-a-jose-mourinho-no-real-madrid\/\" target=\"_blank\" rel=\"noreferrer noopener nofollow\">\u00a0podes ouvir e acompanhar<\/a>) trouxe atualiza\u00e7\u00f5es do respetivo caso.<\/p>\n<p class=\"wp-block-paragraph\">De acordo com a mesma fonte, o Benfica apresentou uma proposta mais vantajosa \u2013 principalmente nos prazos de pagamento \u2013 do que a do AC Milan. Neste sentido, o Corithians, clube a que pertence o m\u00e9dio defensivo de 19 anos, est\u00e1 tentado a aceitar.<\/p>\n<p class=\"wp-block-paragraph\">Sabe-se ainda que o Benfica j\u00e1 tinha olhado e, inclusive, tentado a contrata\u00e7\u00e3o de Andr\u00e9 durante o mercado de inverno.<\/p>\n<p><img fetchpriority=\"high\" decoding=\"async\" width=\"1024\" height=\"652\" src=\"data:image\/svg+xml,%3Csvg%20xmlns=\" http:=\"\" alt=\"Andr\u00e9, Corinthians\" class=\"wp-image-529549 ewww_webp_lazy_load\" data-lazy- data-lazy- data-lazy-src=\"https:\/\/www.europesays.com\/pt\/wp-content\/uploads\/2026\/06\/Andre-Corinthians-1024x652.jpg\" data-lazy-src-webp=\"https:\/\/www.europesays.com\/pt\/wp-content\/uploads\/2026\/06\/Andre-Corinthians-1024x652.jpg.webp\" data-lazy-srcset-webp=\"https:\/\/www.europesays.com\/pt\/wp-content\/uploads\/2026\/06\/Andre-Corinthians-1024x652.jpg.webp 1024w, https:\/\/binny-bolanarede.b-cdn.net\/wp-content\/uploads\/2026\/05\/Andre-Corinthians-300x191.jpg.webp 300w, https:\/\/binny-bolanarede.b-cdn.net\/wp-content\/uploads\/2026\/05\/Andre-Corinthians-768x489.jpg.webp 768w, https:\/\/binny-bolanarede.b-cdn.net\/wp-content\/uploads\/2026\/05\/Andre-Corinthians-1536x979.jpg.webp 1536w, https:\/\/binny-bolanarede.b-cdn.net\/wp-content\/uploads\/2026\/05\/Andre-Corinthians-150x96.jpg.webp 150w, https:\/\/binny-bolanarede.b-cdn.net\/wp-content\/uploads\/2026\/05\/Andre-Corinthians-696x443.jpg.webp 696w, https:\/\/binny-bolanarede.b-cdn.net\/wp-content\/uploads\/2026\/05\/Andre-Corinthians-1068x680.jpg.webp 1068w, https:\/\/binny-bolanarede.b-cdn.net\/wp-content\/uploads\/2026\/05\/Andre-Corinthians.jpg.webp 1846w\"\/>Fonte: Corinthians<\/p>\n","protected":false},"excerpt":{"rendered":"&#8211; Advertisement &#8211; Andr\u00e9 est\u00e1 muito perto do Benfica. \u00c1guias fizeram proposta de 18 milh\u00f5es de euros +&hellip;\n","protected":false},"author":2,"featured_media":402156,"comment_status":"","ping_status":"","sticky":false,"template":"","format":"standard","meta":{"footnotes":"","_share_on_mastodon":"0"},"categories":[87],"tags":[6472,260,51,39532,135,478,32,33,134],"class_list":["post-403410","post","type-post","status-publish","format-standard","has-post-thumbnail","category-desporto","tag-andre","tag-atualidade","tag-benfica","tag-corithians","tag-desporto","tag-destaques-bnr","tag-portugal","tag-pt","tag-sports"],"share_on_mastodon":{"url":"https:\/\/pubeurope.com\/@pt\/116678177998489767","error":""},"_links":{"self":[{"href":"https:\/\/www.europesays.com\/pt\/wp-json\/wp\/v2\/posts\/403410","targetHints":{"allow":["GET"]}}],"collection":[{"href":"https:\/\/www.europesays.com\/pt\/wp-json\/wp\/v2\/posts"}],"about":[{"href":"https:\/\/www.europesays.com\/pt\/wp-json\/wp\/v2\/types\/post"}],"author":[{"embeddable":true,"href":"https:\/\/www.europesays.com\/pt\/wp-json\/wp\/v2\/users\/2"}],"replies":[{"embeddable":true,"href":"https:\/\/www.europesays.com\/pt\/wp-json\/wp\/v2\/comments?post=403410"}],"version-history":[{"count":0,"href":"https:\/\/www.europesays.com\/pt\/wp-json\/wp\/v2\/posts\/403410\/revisions"}],"wp:featuredmedia":[{"embeddable":true,"href":"https:\/\/www.europesays.com\/pt\/wp-json\/wp\/v2\/media\/402156"}],"wp:attachment":[{"href":"https:\/\/www.europesays.com\/pt\/wp-json\/wp\/v2\/media?parent=403410"}],"wp:term":[{"taxonomy":"category","embeddable":true,"href":"https:\/\/www.europesays.com\/pt\/wp-json\/wp\/v2\/categories?post=403410"},{"taxonomy":"post_tag","embeddable":true,"href":"https:\/\/www.europesays.com\/pt\/wp-json\/wp\/v2\/tags?post=403410"}],"curies":[{"name":"wp","href":"https:\/\/api.w.org\/{rel}","templated":true}]}}