{"id":40383,"date":"2025-08-22T15:13:09","date_gmt":"2025-08-22T15:13:09","guid":{"rendered":"https:\/\/www.europesays.com\/pt\/40383\/"},"modified":"2025-08-22T15:13:09","modified_gmt":"2025-08-22T15:13:09","slug":"este-simples-gesto-a-mesa-pode-estar-a-abrir-a-porta-ao-cancro-noticias-de-coimbra","status":"publish","type":"post","link":"https:\/\/www.europesays.com\/pt\/40383\/","title":{"rendered":"Este simples gesto \u00e0 mesa pode estar a abrir a porta ao cancro \u2013 Not\u00edcias de Coimbra"},"content":{"rendered":"<p><strong>Pode estar a comer de forma equilibrada, a evitar fast food, a beber \u00e1gua e a incluir fruta e vegetais no prato todos os dias. Ainda assim, um simples ingrediente, presente em quase todas as refei\u00e7\u00f5es, pode estar a p\u00f4r a sua sa\u00fade em risco: o sal.<\/strong><\/p>\n<p>Um estudo recente realizado no Brasil e publicado na revista cient\u00edfica BMC Medicine revela que a ingest\u00e3o excessiva de s\u00f3dio aumenta significativamente o risco de adenocarcinoma g\u00e1strico, um tipo agressivo de cancro do est\u00f4mago que representa mais de 90% dos casos registados. A taxa de mortalidade deste tumor ultrapassa os 75% em cinco anos, o que refor\u00e7a a gravidade do alerta.<\/p>\n<p>At\u00e9 aqui, a investiga\u00e7\u00e3o cient\u00edfica apontava sobretudo para alimentos processados, refrigerantes e doces como grandes culpados. De facto, os a\u00e7\u00facares adicionados podem representar at\u00e9 21% do risco de cancro quando fazem parte de dietas desequilibradas. Estes encontram-se n\u00e3o s\u00f3 em bolachas e refrigerantes, mas tamb\u00e9m em produtos \u201csupostamente saud\u00e1veis\u201d, como cereais industrializados.<\/p>\n<p>No entanto, o destaque do estudo vai para o s\u00f3dio. Os investigadores conclu\u00edram que mesmo em dietas ricas em fruta e vegetais, o excesso de sal mant\u00e9m-se como fator determinante para o desenvolvimento de tumores.<\/p>\n<p>O efeito do s\u00f3dio sobre a mucosa do est\u00f4mago pode causar inflama\u00e7\u00f5es, les\u00f5es e favorecer a a\u00e7\u00e3o da bact\u00e9ria Helicobacter pylori, conhecida pelo seu papel no desenvolvimento de \u00falceras e cancro g\u00e1strico.<\/p>\n<p>Engana-se quem pensa que basta \u201cusar pouco sal\u201d ao cozinhar. Grande parte do consumo excessivo vem de produtos comuns como p\u00e3o branco, arroz, feij\u00e3o, carnes processadas e at\u00e9 alimentos rotulados como integrais.<\/p>\n<p>Estima-se que cerca de 60% da popula\u00e7\u00e3o ultrapassa diariamente os n\u00edveis recomendados de s\u00f3dio, muitas vezes sem se aperceber.<\/p>\n<p>Os especialistas deixam v\u00e1rias recomenda\u00e7\u00f5es para quem quer proteger a sa\u00fade: ler com aten\u00e7\u00e3o os r\u00f3tulos, mesmo em produtos ditos \u201csaud\u00e1veis\u201d; reduzir o consumo de alimentos industrializados; evitar produtos com a\u00e7\u00facares adicionados; dar prefer\u00eancia a alimentos frescos, naturais e pouco processados; e diminuir gradualmente o sal usado no tempero da comida.<\/p>\n<p>O estudo lan\u00e7a uma quest\u00e3o essencial: at\u00e9 que ponto estamos realmente a comer de forma saud\u00e1vel? Pequenos h\u00e1bitos enraizados podem estar a sabotar boas inten\u00e7\u00f5es, com consequ\u00eancias graves a longo prazo.<\/p>\n<p>Se quer proteger a sua sa\u00fade e a da sua fam\u00edlia, a mensagem \u00e9 clara: menos sal hoje pode significar mais anos de vida amanh\u00e3.<\/p>\n<p>PUBLICIDADE<\/p>\n<p>\t\t\t<a class=\"publicidade-imagem d-flex justify-content-center\" href=\"https:\/\/www.cim-regiaodecoimbra.pt\/cim-rc\/projeto-rede-parques-biomassa-projeto-transform\/\" rel=\"nofollow noopener\" target=\"_blank\"><br \/>\n\t\t\t  <img loading=\"lazy\" decoding=\"async\" width=\"890\" height=\"318\" src=\"https:\/\/www.europesays.com\/pt\/wp-content\/uploads\/2025\/08\/1755145646_309_biomassa-3-1-1.png\" alt=\"publicidade\" class=\"img-fluid\"\/><br \/>\n\t\t\t<\/a><\/p>\n","protected":false},"excerpt":{"rendered":"Pode estar a comer de forma equilibrada, a evitar fast food, a beber \u00e1gua e a incluir fruta&hellip;\n","protected":false},"author":2,"featured_media":40384,"comment_status":"","ping_status":"","sticky":false,"template":"","format":"standard","meta":{"footnotes":""},"categories":[86],"tags":[116,32,33,117],"class_list":{"0":"post-40383","1":"post","2":"type-post","3":"status-publish","4":"format-standard","5":"has-post-thumbnail","7":"category-saude","8":"tag-health","9":"tag-portugal","10":"tag-pt","11":"tag-saude"},"share_on_mastodon":{"url":"","error":""},"_links":{"self":[{"href":"https:\/\/www.europesays.com\/pt\/wp-json\/wp\/v2\/posts\/40383","targetHints":{"allow":["GET"]}}],"collection":[{"href":"https:\/\/www.europesays.com\/pt\/wp-json\/wp\/v2\/posts"}],"about":[{"href":"https:\/\/www.europesays.com\/pt\/wp-json\/wp\/v2\/types\/post"}],"author":[{"embeddable":true,"href":"https:\/\/www.europesays.com\/pt\/wp-json\/wp\/v2\/users\/2"}],"replies":[{"embeddable":true,"href":"https:\/\/www.europesays.com\/pt\/wp-json\/wp\/v2\/comments?post=40383"}],"version-history":[{"count":0,"href":"https:\/\/www.europesays.com\/pt\/wp-json\/wp\/v2\/posts\/40383\/revisions"}],"wp:featuredmedia":[{"embeddable":true,"href":"https:\/\/www.europesays.com\/pt\/wp-json\/wp\/v2\/media\/40384"}],"wp:attachment":[{"href":"https:\/\/www.europesays.com\/pt\/wp-json\/wp\/v2\/media?parent=40383"}],"wp:term":[{"taxonomy":"category","embeddable":true,"href":"https:\/\/www.europesays.com\/pt\/wp-json\/wp\/v2\/categories?post=40383"},{"taxonomy":"post_tag","embeddable":true,"href":"https:\/\/www.europesays.com\/pt\/wp-json\/wp\/v2\/tags?post=40383"}],"curies":[{"name":"wp","href":"https:\/\/api.w.org\/{rel}","templated":true}]}}