{"id":403854,"date":"2026-06-02T13:02:16","date_gmt":"2026-06-02T13:02:16","guid":{"rendered":"https:\/\/www.europesays.com\/pt\/403854\/"},"modified":"2026-06-02T13:02:16","modified_gmt":"2026-06-02T13:02:16","slug":"sete-mortos-e-mais-de-800-mocambicanos-vitimas-de-xenofobia-na-africa-do-sul","status":"publish","type":"post","link":"https:\/\/www.europesays.com\/pt\/403854\/","title":{"rendered":"Sete mortos e mais de 800 mo\u00e7ambicanos v\u00edtimas de xenofobia na \u00c1frica do Sul"},"content":{"rendered":"<p>\n                O Gabinete de Informa\u00e7\u00e3o de Mo\u00e7ambique (Gabimfo) avan\u00e7ou na segunda-feira, em comunicado, que pouco mais de 800 mo\u00e7ambicanos residentes na cidade de Mossel Bay, na prov\u00edncia sul-africana de Cabo Ocidental, foram, na \u00faltima sexta-feira, v\u00edtimas de ac\u00e7\u00f5es de xenofobia, um problema recorrente na \u00c1frica do Sul.<br \/>\n<b><br \/>&#13;<br \/>\n<\/b><\/p>\n<p>&#13;<br \/>\n<b>&#13;<br \/>\n&#8220;H\u00e1 a lamentar a morte de sete cidad\u00e3os mo\u00e7ambicanos, cinco dos quais por consequ\u00eancia direta dos ataques xen\u00f3fobos e outros dois como resultado de um acidente de via\u00e7\u00e3o, quando viajavam, em viatura particular, de regresso a Mo\u00e7ambique&#8221;<\/b>, refere-se no documento.&#13;\n<\/p>\n<p>&#13;<br \/>\nRepatriamento em curso&#13;\n<\/p>\n<p>\nSegundo o Gabimfo, s\u00f3 no \u00faltimo s\u00e1bado, pelo menos 300 mo\u00e7ambicanos regressaram, por meios pr\u00f3prios, a Mo\u00e7ambique e os pouco mais de 500 nacionais que permanecem naquele pa\u00eds encontravam-se albergados, desde ent\u00e3o, num local seguro no Cabo Ocidental, estando j\u00e1 a decorrer, a partir de hoje, o processo do seu repatriamento para Mo\u00e7ambique.<br \/>\n<b><br \/>&#13;<br \/>\n&#8220;Os referidos compatriotas ser\u00e3o levados aos seus locais de origem, designadamente onde possuem as suas resid\u00eancias. Os cidad\u00e3os em causa s\u00e3o oriundos das prov\u00edncias do Sul de Mo\u00e7ambique &#8211; Gaza, Inhambane, Maputo e Cidade de Maputo &#8211; e da prov\u00edncia de Manica, na regi\u00e3o centro&#8221;<\/b>, l\u00ea-se no comunicado. <\/p>\n<p>\u00c0 sua chegada \u00e0 fronteira de Ressano Garcia, na Prov\u00edncia de Maputo, os mo\u00e7ambicanos em processo de regresso for\u00e7ado ao pa\u00eds recebem dois kits alimentares, sendo um para o seu uso imediato e outro para os primeiros 10 dias de restabelecimento nas suas zonas de origem.<\/p>\n<p><b>&#8220;Tendo em conta a volatilidade da situa\u00e7\u00e3o &#8211; o que inclui a exig\u00eancia, por parte de grupos anti-imigrantes, no sentido de certos grupos de estrangeiros abandonem aquele pa\u00eds at\u00e9 30 de junho corrente -, prev\u00ea-se o agravamento do atual quadro, estando o Governo a trabalhar para a necess\u00e1ria mitiga\u00e7\u00e3o&#8221;,<\/b> alerta.<\/p>\n<p>Face \u00e0 situa\u00e7\u00e3o, as autoridades mo\u00e7ambicanas garantem que t\u00eam estado, desde a ocorr\u00eancia dos incidentes, a monitorar a situa\u00e7\u00e3o, atrav\u00e9s do Consulado de Mo\u00e7ambique na Cidade do Cabo, que est\u00e1 engajado na presta\u00e7\u00e3o de assist\u00eancia aos cidad\u00e3os nacionais afetados. <\/p>\n<p>&#13;<br \/>\n&#8220;De referir que o Governo continuar\u00e1 a fazer o seguimento apropriado, atrav\u00e9s das suas miss\u00f5es consulares naquele pa\u00eds vizinho, bem assim por interm\u00e9dio do Instituto Nacional para as Comunidades Mo\u00e7ambicanas no Exterior (INACE) e do Instituto Nacional de Gest\u00e3o e Redu\u00e7\u00e3o do Risco de Desastres (INGD)&#8221;, conclui-se.&#13;\n<\/p>\n<p>&#13;<br \/>\nMo\u00e7ambicanos chegam esta ter\u00e7a-feira\u00a0&#13;\n<\/p>\n<p>O porta-voz do Servi\u00e7o Nacional de Migra\u00e7\u00e3o (Senami) de Mo\u00e7ambique tinha dito hoje \u00e0 ag\u00eancia Lusa que as autoridades sul-africanas v\u00e3o deportar cerca de 600 mo\u00e7ambicanos v\u00edtimas de atos xen\u00f3fobos naquele pa\u00eds.<br \/>\n<b><br \/>&#13;<br \/>\n&#8220;S\u00e3o cerca de 600 mo\u00e7ambicanos e s\u00f3 chegam amanh\u00e3 [ter\u00e7a-feira]. S\u00e3o v\u00edtimas de xenofobia&#8221;<\/b>, disse Juca Bata, porta-voz do Senami.<\/p>\n<p>Segundo o respons\u00e1vel, <b>os transportes com os mo\u00e7ambicanos partiram hoje por volta das 14h00 da Cidade do Cabo, \u00c1frica do Sul, e chegam a Maputo, em Mo\u00e7ambique, na ter\u00e7a-feira de manh\u00e3, atrav\u00e9s da fronteira de Ressano Garcia, a maior e principal entre os dois pa\u00edses.<\/b><\/p>\n<p>A \u00c1frica do Sul tem registado manifesta\u00e7\u00f5es e tens\u00f5es sociais visando migrantes, sendo que, no in\u00edcio do m\u00eas, uma marcha contra a imigra\u00e7\u00e3o culminou em ataques a neg\u00f3cios de estrangeiros na prov\u00edncia do Cabo Oriental, no este do pa\u00eds.<br \/>&#13;\n            <\/p>\n","protected":false},"excerpt":{"rendered":"O Gabinete de Informa\u00e7\u00e3o de Mo\u00e7ambique (Gabimfo) avan\u00e7ou na segunda-feira, em comunicado, que pouco mais de 800 mo\u00e7ambicanos&hellip;\n","protected":false},"author":2,"featured_media":403855,"comment_status":"","ping_status":"","sticky":false,"template":"","format":"standard","meta":{"footnotes":"","_share_on_mastodon":"0"},"categories":[50],"tags":[27,28,66544,15,16,14,25,26,21,22,22117,66542,66545,62,12,13,19,20,66543,23,24,17,18,29,30,31,63,64,65],"class_list":["post-403854","post","type-post","status-publish","format-standard","has-post-thumbnail","category-mundo","tag-breaking-news","tag-breakingnews","tag-consulado","tag-featured-news","tag-featurednews","tag-headlines","tag-latest-news","tag-latestnews","tag-main-news","tag-mainnews","tag-maputo","tag-migracao-senami","tag-mocambicanas","tag-mundo","tag-news","tag-noticias","tag-noticias-principais","tag-noticiasprincipais","tag-ocidental","tag-principais-noticias","tag-principaisnoticias","tag-top-stories","tag-topstories","tag-ultimas","tag-ultimas-noticias","tag-ultimasnoticias","tag-world","tag-world-news","tag-worldnews"],"share_on_mastodon":{"url":"https:\/\/pubeurope.com\/@pt\/116680651405562079","error":""},"_links":{"self":[{"href":"https:\/\/www.europesays.com\/pt\/wp-json\/wp\/v2\/posts\/403854","targetHints":{"allow":["GET"]}}],"collection":[{"href":"https:\/\/www.europesays.com\/pt\/wp-json\/wp\/v2\/posts"}],"about":[{"href":"https:\/\/www.europesays.com\/pt\/wp-json\/wp\/v2\/types\/post"}],"author":[{"embeddable":true,"href":"https:\/\/www.europesays.com\/pt\/wp-json\/wp\/v2\/users\/2"}],"replies":[{"embeddable":true,"href":"https:\/\/www.europesays.com\/pt\/wp-json\/wp\/v2\/comments?post=403854"}],"version-history":[{"count":0,"href":"https:\/\/www.europesays.com\/pt\/wp-json\/wp\/v2\/posts\/403854\/revisions"}],"wp:featuredmedia":[{"embeddable":true,"href":"https:\/\/www.europesays.com\/pt\/wp-json\/wp\/v2\/media\/403855"}],"wp:attachment":[{"href":"https:\/\/www.europesays.com\/pt\/wp-json\/wp\/v2\/media?parent=403854"}],"wp:term":[{"taxonomy":"category","embeddable":true,"href":"https:\/\/www.europesays.com\/pt\/wp-json\/wp\/v2\/categories?post=403854"},{"taxonomy":"post_tag","embeddable":true,"href":"https:\/\/www.europesays.com\/pt\/wp-json\/wp\/v2\/tags?post=403854"}],"curies":[{"name":"wp","href":"https:\/\/api.w.org\/{rel}","templated":true}]}}