{"id":404126,"date":"2026-06-02T18:03:36","date_gmt":"2026-06-02T18:03:36","guid":{"rendered":"https:\/\/www.europesays.com\/pt\/404126\/"},"modified":"2026-06-02T18:03:36","modified_gmt":"2026-06-02T18:03:36","slug":"o-que-fazer-terca-e-dia-de-reflexoes-com-danca-e-obras-de-arte-lazer","status":"publish","type":"post","link":"https:\/\/www.europesays.com\/pt\/404126\/","title":{"rendered":"O que fazer? Ter\u00e7a \u00e9 dia de reflex\u00f5es com dan\u00e7a e obras de arte | Lazer"},"content":{"rendered":"<p>Gra\u00e7a Morais: Uma Antologia<\/p>\n<p dir=\"ltr\"><strong>OEIRAS Pal\u00e1cio Anjos &#8211; Centro de Arte Contempor\u00e2nea (Alg\u00e9s). De 15\/3 a 16\/8. Ter\u00e7a a domingo, das 11h \u00e0s 18h (\u00faltima entrada \u00e0s 17h30). 2\u20ac<\/strong><\/p>\n<p dir=\"ltr\">Do desenho \u00e0 pintura e \u00e0 fotografia, est\u00e3o reunidas mais de 170 obras nesta exposi\u00e7\u00e3o que tra\u00e7a o percurso de mais de cinco d\u00e9cadas da pintora portuguesa Gra\u00e7a Morais (n.1948, Freixiel, Vila Flor). Uma antologia que, referem os comiss\u00e1rios Ant\u00f3nio Meireles e Em\u00edlia Ferreira, se foca nos temas centrais do trabalho da artista: \u201ca rela\u00e7\u00e3o com a terra e os seus frutos, as mulheres, a ca\u00e7a, a mem\u00f3ria do lugar como espa\u00e7o de cultura e, nas \u00faltimas d\u00e9cadas, a aten\u00e7\u00e3o dada \u00e0s metamorfoses do ser humano, enquanto v\u00edtima e algoz.\u201d<\/p>\n<p>Father John Misty<\/p>\n<p dir=\"ltr\"><strong>PORTO Coliseu Porto Ageas. Dia 2\/6, \u00e0s 20h30. M\/6. 40\u20ac a 45\u20ac<\/strong><\/p>\n<p dir=\"ltr\">Em Julho de 2025 a Variety descreveu-o como \u201cum dos maiores letristas da m\u00fasica contempor\u00e2nea e um dos mais belos melodistas\u201d. Nessa altura, j\u00e1 Joshua Tillman tinha lan\u00e7ado Mahashmashana (2024), o sexto \u00e1lbum de est\u00fadio no curr\u00edculo do cantor e compositor norte-americano que, a solo, assina como Father John Misty e que tamb\u00e9m conhecemos como ex-baterista dos Fleet Foxes. \u00c9 esse o registo que motiva a passagem por Portugal, onde d\u00e1 in\u00edcio a uma digress\u00e3o europeia. A primeira parte do concerto \u00e9 assegurada por J. Mystery, nome art\u00edstico de Tiago Martins, m\u00fasico natural de Penafiel.<\/p>\n<p>        &#13;<\/p>\n<p>&#13;<br \/>\n                &#13;\n            <\/p>\n<p>&#13;<\/p>\n<p>Rundinelle<\/p>\n<p dir=\"ltr\"><strong>BRAGAN\u00c7A Teatro Municipal de Bragan\u00e7a. Dia 2\/6, \u00e0s 21h. M\/6. 6\u20ac<\/strong><\/p>\n<p dir=\"ltr\">Laetitia Marcangeli e Julie Lobato s\u00e3o voz, percuss\u00e3o, sanfona e ala\u00fade no projecto musical que une os cantos de Tr\u00e1s-os-Montes e as monodias da C\u00f3rsega. No alinhamento feito de \u201cf\u00e1bulas de montanha, hist\u00f3rias de mulas e bandidos, ternas can\u00e7\u00f5es de embalar\u201d, prop\u00f5em-se a tocar \u201cmodos de vida e de pensamento antigos\u201d, homenageando as tradi\u00e7\u00f5es populares destas regi\u00f5es.<\/p>\n<p>Sem Terra \u00e0 Vista<\/p>\n<p dir=\"ltr\"><strong>S\u00c3O JO\u00c3O DA MADEIRA Centro de Arte Oliva. De 18\/4 a 24\/1. Ter\u00e7a a domingo, das 10h \u00e0s 12h30 e das 14h \u00e0s 17h30. 3\u20ac<\/strong><\/p>\n<p dir=\"ltr\">Com 78 artistas contempor\u00e2neos representados, entre escultura, instala\u00e7\u00e3o, fotografia e pr\u00e1ticas conceptuais, a mostra re\u00fane 108 obras da Colec\u00e7\u00e3o Norlinda e Jos\u00e9 Lima alinhadas para tornar este lugar um espa\u00e7o de \u201cencontro e reflex\u00e3o, sem evitar o conflito\u201d, palavras da curadora Paula Cabaleiro. Inspirada nos escritos do poeta s\u00e9rvio-americano Charles Simic em No Land in Sight: Poems, assume \u201ca met\u00e1fora da navega\u00e7\u00e3o sem horizonte como imagem de uma Humanidade confrontada com instabilidade pol\u00edtica, fragilidade democr\u00e1tica, crise clim\u00e1tica e desigualdades estruturais\u201d, descreve a folha de sala.<\/p>\n<p>        &#13;<\/p>\n<p>&#13;<br \/>\n                &#13;\n            <\/p>\n<p>&#13;<\/p>\n<p>Matmos<\/p>\n<p dir=\"ltr\"><strong>LISBOA Audit\u00f3rio da Reitoria da Universidade Nova de Lisboa. Dia 2\/6, \u00e0s 21h30. 22\u20ac<\/strong><\/p>\n<p dir=\"ltr\">O projecto norte-americano nasceu em meados dos anos 1990 e notabilizou-se n\u00e3o s\u00f3 por assumir a electr\u00f3nica como instrumento, mas tamb\u00e9m por a levar a territ\u00f3rios experimentais em que tudo \u2013 do corpo \u00e0s p\u00e1ginas de um livro, passando por insectos e at\u00e9 interven\u00e7\u00f5es cir\u00fargicas \u2013 pode ser encarado como fonte sonora. A arte que a dupla formada por Drew Daniel e Martin Schmidt tem para \u201csamplar&#8221; e colar sons de origens diversas volta a afirmar-se nos palcos portugueses. Desta vez, \u00e9 Metallic Life Review, \u00e1lbum editado h\u00e1 cerca de um ano e centrado nos sons met\u00e1licos que foram recolhendo ao longo de anos, que d\u00e1 o tom ao encontro.<\/p>\n<p>Borda<\/p>\n<p dir=\"ltr\"><strong>LISBOA Culturgest. Dias 2\/6 e 3\/6. Ter\u00e7a e quarta, \u00e0s 21h. M\/12. 18\u20ac<\/strong><\/p>\n<p dir=\"ltr\">A core\u00f3grafa brasileira Lia Rodrigues apresenta Borda, a sua mais recente cria\u00e7\u00e3o. Inspirada pelos significados da palavra que lhe serve de t\u00edtulo \u2013 que tanto d\u00e1 para falar de \u201cfronteira, margem, limite, barreira\u201d como serve para o \u201cenriquecer, decorar, aprimorar\u201d derivado do verbo bordar ou, em sentido figurado, para \u201cimaginar, fantasiar\u201d \u2013, prop\u00f5e uma reflex\u00e3o sobre conceitos de perten\u00e7a, exclus\u00e3o, liberdade, alteridade e domina\u00e7\u00e3o.<\/p>\n<p>        &#13;<\/p>\n<p>&#13;<br \/>\n                &#13;\n            <\/p>\n<p>&#13;<\/p>\n","protected":false},"excerpt":{"rendered":"Gra\u00e7a Morais: Uma Antologia OEIRAS Pal\u00e1cio Anjos &#8211; Centro de Arte Contempor\u00e2nea (Alg\u00e9s). De 15\/3 a 16\/8. Ter\u00e7a&hellip;\n","protected":false},"author":2,"featured_media":404127,"comment_status":"","ping_status":"","sticky":false,"template":"","format":"standard","meta":{"footnotes":"","_share_on_mastodon":"0"},"categories":[85],"tags":[1632,114,115,287,294,1633,542,32,33,291],"class_list":["post-404126","post","type-post","status-publish","format-standard","has-post-thumbnail","category-entretenimento","tag-agenda","tag-entertainment","tag-entretenimento","tag-fugas","tag-lazer","tag-o-que-fazer","tag-para-redes","tag-portugal","tag-pt","tag-relaxar"],"share_on_mastodon":{"url":"https:\/\/pubeurope.com\/@pt\/116681835095009720","error":""},"_links":{"self":[{"href":"https:\/\/www.europesays.com\/pt\/wp-json\/wp\/v2\/posts\/404126","targetHints":{"allow":["GET"]}}],"collection":[{"href":"https:\/\/www.europesays.com\/pt\/wp-json\/wp\/v2\/posts"}],"about":[{"href":"https:\/\/www.europesays.com\/pt\/wp-json\/wp\/v2\/types\/post"}],"author":[{"embeddable":true,"href":"https:\/\/www.europesays.com\/pt\/wp-json\/wp\/v2\/users\/2"}],"replies":[{"embeddable":true,"href":"https:\/\/www.europesays.com\/pt\/wp-json\/wp\/v2\/comments?post=404126"}],"version-history":[{"count":0,"href":"https:\/\/www.europesays.com\/pt\/wp-json\/wp\/v2\/posts\/404126\/revisions"}],"wp:featuredmedia":[{"embeddable":true,"href":"https:\/\/www.europesays.com\/pt\/wp-json\/wp\/v2\/media\/404127"}],"wp:attachment":[{"href":"https:\/\/www.europesays.com\/pt\/wp-json\/wp\/v2\/media?parent=404126"}],"wp:term":[{"taxonomy":"category","embeddable":true,"href":"https:\/\/www.europesays.com\/pt\/wp-json\/wp\/v2\/categories?post=404126"},{"taxonomy":"post_tag","embeddable":true,"href":"https:\/\/www.europesays.com\/pt\/wp-json\/wp\/v2\/tags?post=404126"}],"curies":[{"name":"wp","href":"https:\/\/api.w.org\/{rel}","templated":true}]}}