{"id":404412,"date":"2026-06-02T22:56:26","date_gmt":"2026-06-02T22:56:26","guid":{"rendered":"https:\/\/www.europesays.com\/pt\/404412\/"},"modified":"2026-06-02T22:56:26","modified_gmt":"2026-06-02T22:56:26","slug":"es-completamente-maluco-trump-exalta-se-com-netanyahu-durante-chamada-telefonica","status":"publish","type":"post","link":"https:\/\/www.europesays.com\/pt\/404412\/","title":{"rendered":"&#8220;\u00c9s completamente maluco&#8221;. Trump exalta-se com Netanyahu durante chamada telef\u00f3nica"},"content":{"rendered":"<p>\n                Donald Trump ter\u00e1 protagonizado uma chamada telef\u00f3nica explosiva com Benjamin Netanyahu na segunda-feira, devido \u00e0 escalada do conflito entre Israel e o L\u00edbano.<\/p>\n<p>A informa\u00e7\u00e3o \u00e9 avan\u00e7ada pelo jornal <a href=\"https:\/\/www.axios.com\/2026\/06\/01\/trump-netanyahu-israel-lebanon-call\" target=\"_blank\" rel=\"nofollow noopener\">Axios<\/a>, que cita dois funcion\u00e1rios norte-americanos e uma fonte familiarizada com o assunto. <\/p>\n<p><b>Segundo o Axios, o presidente norte-americano ter\u00e1 acusado o primeiro-ministro israelita de estar a comprometer os esfor\u00e7os diplom\u00e1ticos numa altura em que o Ir\u00e3o amea\u00e7a abandonar as negocia\u00e7\u00f5es devido aos ataques israelitas no L\u00edbano.<br \/>&#13;<br \/>\n<\/b>&#13;<br \/>\n<b><br \/>&#13;<br \/>\nTrump ter\u00e1 acusado Netanyahu de estar \u201ccompletamente louco\u201d e ter\u00e1 mesmo questionado: \u201cO que raio est\u00e1s a fazer?\u201d.<\/b><\/p>\n<p>O presidente dos EUA lembrou Netanyahu que este estaria na pris\u00e3o se n\u00e3o fosse ele, referindo-se ao apoio declarado durante o julgamento por corrup\u00e7\u00e3o do primeiro-ministro israelita.<\/p>\n<p><b>\u201cEstou a salvar-te a pele. Agora toda a gente te odeia e toda a gente odeia Israel por causa disto\u201d, cita o Axios.\u00a0<br \/>\n          <img decoding=\"async\" itemprop=\"image\" class=\"img-fluid\"   src=\"https:\/\/www.europesays.com\/pt\/wp-content\/uploads\/2026\/06\/b5cf0429c986ea3f09e7d315f262c1fd_N.jpg\"\/><\/p>\n<p>\u00a0<\/b>As palavras duras de Trump contra Netanyahu acontecem numa altura de escalada das ten\u00e7\u00f5es entre Israel e o L\u00edbano, o que prejudica as negocia\u00e7\u00f5es entre os EUA e o Ir\u00e3o.\u00a0<\/p>\n<p>Na segunda-feira, Israel amea\u00e7ou atacar o sul de Beirute, provocando o p\u00e2nico na popula\u00e7\u00e3o. <b>Netanyahu citou &#8220;repetidas viola\u00e7\u00f5es do cessar-fogo&#8221; por parte do Hezbollah e ataques contra o seu pa\u00eds. A amea\u00e7a elevou a tens\u00e3o na regi\u00e3o, com a Guarda Revolucion\u00e1ria do Ir\u00e3o a avisar que \u201catravessar as linhas vermelhas no L\u00edbano equivale a uma guerra direta\u201d.<br \/>&#13;<br \/>\n<\/b>&#13;<br \/>\n<br \/>&#13;<br \/>\n<b>Ap\u00f3s a chamada telef\u00f3nica, Trump publicou uma mensagem na Truth Social a anunciar que Israel e o Hezbollaz tinham prometido uma desescalada e que Netanyahu se tinha comprometido a n\u00e3o enviar tropas para Beirute.<\/b> Por sua vez, a presid\u00eancia libanesa confirmava que o Hezbollah aceitava as tr\u00e9guas propostas por Donald Trump.<\/p>\n<p>Netanyahu reagiu \u00e0s publica\u00e7\u00f5es de Trump, afirmando em comunicado que disse ao presidente norte-americano, durante a conversa telef\u00f3nica entre ambos, que as For\u00e7as de Defesa de Israel atacariam Beirute, caso o Hezbollah disparasse contra alvos israelitas.<br \/>&#13;<br \/>\n\u201cN\u00e3o haver\u00e1 calma para o Hezbollah\u201d<br \/>&#13;<br \/>\nApesar destas promessas, Israel e o Hezbollah trocaram tiros durante a madrugada desta ter\u00e7a-feira. <\/p>\n<p>O Hezbollah reivindicou a responsabilidade por um ataque com rockets contra um tanque israelita em Hadatha, no sul do L\u00edbano, afirmando no Telegram que estava a lutar contra &#8220;o avan\u00e7o das for\u00e7as israelitas&#8221;. O ex\u00e9rcito israelita, por sua vez, anunciou a interce\u00e7\u00e3o de dois proj\u00e9teis provenientes do L\u00edbano, sem registar feridos.<br \/>&#13;<br \/>\n<b><br \/>&#13;<br \/>\n&#8220;Se n\u00e3o houver calma no norte de Israel, n\u00e3o haver\u00e1 calma para o Hezbollah&#8221;, alertou o embaixador israelita na ONU, Danny Danon, na rede social X na noite de segunda-feira.<\/b><\/p>\n<p>Os combates entre o ex\u00e9rcito israelita e o Hezbollah decorrem desde 2 de mar\u00e7o, quando o movimento xiita atacou o pa\u00eds vizinho em retalia\u00e7\u00e3o pelo ataque israelo-americano a Teer\u00e3o, a 28 de fevereiro. Os confrontos continuaram apesar do cessar-fogo que entrou em vigor a 17 de abril.<\/p>\n<p><b>O Ir\u00e3o, que mant\u00e9m negocia\u00e7\u00f5es indiretas com os Estados Unidos para p\u00f4r fim \u00e0 guerra no M\u00e9dio Oriente, exige que qualquer acordo com Washington inclua um cessar-fogo na frente libanesa.<\/b><\/p>\n<p><b>A ag\u00eancia de not\u00edcias iraniana Tasnim noticiou na segunda-feira que Teer\u00e3o tinha interrompido o di\u00e1logo com Washington, principalmente devido \u00e0 ofensiva israelita no L\u00edbano, embora esta informa\u00e7\u00e3o n\u00e3o tenha sido oficialmente confirmada.<\/b><\/p>\n<p>Uma nova ronda de negocia\u00e7\u00f5es entre enviados libaneses e israelitas est\u00e1 prevista come\u00e7ar esta ter\u00e7a-feira, em Washington. Esta \u00e9 a quarta ronda de conversa\u00e7\u00f5es desde 2 de mar\u00e7o entre os dois pa\u00edses, que n\u00e3o mant\u00eam rela\u00e7\u00f5es diplom\u00e1ticas.<\/p>\n<p>O Hezbollah, cujo desarmamento Israel exige, op\u00f5e-se a estas discuss\u00f5es.&#13;\n            <\/p>\n","protected":false},"excerpt":{"rendered":"Donald Trump ter\u00e1 protagonizado uma chamada telef\u00f3nica explosiva com Benjamin Netanyahu na segunda-feira, devido \u00e0 escalada do conflito&hellip;\n","protected":false},"author":2,"featured_media":404413,"comment_status":"","ping_status":"","sticky":false,"template":"","format":"standard","meta":{"footnotes":"","_share_on_mastodon":"0"},"categories":[50],"tags":[27,28,413,15,16,14,5453,259,25,26,1516,21,22,62,7626,12,13,19,20,23,24,17,18,2183,29,30,31,63,64,65],"class_list":["post-404412","post","type-post","status-publish","format-standard","has-post-thumbnail","category-mundo","tag-breaking-news","tag-breakingnews","tag-eua","tag-featured-news","tag-featurednews","tag-headlines","tag-irao","tag-israel","tag-latest-news","tag-latestnews","tag-libano","tag-main-news","tag-mainnews","tag-mundo","tag-netanyahu","tag-news","tag-noticias","tag-noticias-principais","tag-noticiasprincipais","tag-principais-noticias","tag-principaisnoticias","tag-top-stories","tag-topstories","tag-trump","tag-ultimas","tag-ultimas-noticias","tag-ultimasnoticias","tag-world","tag-world-news","tag-worldnews"],"share_on_mastodon":{"url":"https:\/\/pubeurope.com\/@pt\/116682987306367052","error":""},"_links":{"self":[{"href":"https:\/\/www.europesays.com\/pt\/wp-json\/wp\/v2\/posts\/404412","targetHints":{"allow":["GET"]}}],"collection":[{"href":"https:\/\/www.europesays.com\/pt\/wp-json\/wp\/v2\/posts"}],"about":[{"href":"https:\/\/www.europesays.com\/pt\/wp-json\/wp\/v2\/types\/post"}],"author":[{"embeddable":true,"href":"https:\/\/www.europesays.com\/pt\/wp-json\/wp\/v2\/users\/2"}],"replies":[{"embeddable":true,"href":"https:\/\/www.europesays.com\/pt\/wp-json\/wp\/v2\/comments?post=404412"}],"version-history":[{"count":0,"href":"https:\/\/www.europesays.com\/pt\/wp-json\/wp\/v2\/posts\/404412\/revisions"}],"wp:featuredmedia":[{"embeddable":true,"href":"https:\/\/www.europesays.com\/pt\/wp-json\/wp\/v2\/media\/404413"}],"wp:attachment":[{"href":"https:\/\/www.europesays.com\/pt\/wp-json\/wp\/v2\/media?parent=404412"}],"wp:term":[{"taxonomy":"category","embeddable":true,"href":"https:\/\/www.europesays.com\/pt\/wp-json\/wp\/v2\/categories?post=404412"},{"taxonomy":"post_tag","embeddable":true,"href":"https:\/\/www.europesays.com\/pt\/wp-json\/wp\/v2\/tags?post=404412"}],"curies":[{"name":"wp","href":"https:\/\/api.w.org\/{rel}","templated":true}]}}