{"id":40442,"date":"2025-08-22T16:23:10","date_gmt":"2025-08-22T16:23:10","guid":{"rendered":"https:\/\/www.europesays.com\/pt\/40442\/"},"modified":"2025-08-22T16:23:10","modified_gmt":"2025-08-22T16:23:10","slug":"livro-sobre-patrimonio-mundial-apresentado-no-convento-de-cristo","status":"publish","type":"post","link":"https:\/\/www.europesays.com\/pt\/40442\/","title":{"rendered":"Livro sobre Patrim\u00f3nio Mundial apresentado no Convento de Cristo"},"content":{"rendered":"<p>O Convento de Cristo, em Tomar, recebeu esta semana a apresenta\u00e7\u00e3o de uma nova publica\u00e7\u00e3o dedicada ao Patrim\u00f3nio da Humanidade classificado pela UNESCO na Regi\u00e3o de Lisboa e Vale do Tejo, obra que re\u00fane 220 fotografias numa publica\u00e7\u00e3o bilingue.<\/p>\n<p>O livro, intitulado \u201cPatrim\u00f3nio da Humanidade da Regi\u00e3o de Lisboa e Vale do Tejo \/ World Heritage of the Lisbon and Tagus Valley Region\u201d, destaca os bens classificados pela UNESCO na regi\u00e3o: Mosteiro dos Jer\u00f3nimos, Torre de Bel\u00e9m, Convento de Cristo, Mosteiro de Alcoba\u00e7a, Paisagem Cultural de Sintra e Edif\u00edcios Reais de Mafra.<\/p>\n<p>Com mais de 220 fotografias, incluindo trabalhos de Jo\u00e3o Bernardino, textos de Ana Anjos M\u00e2ntua e design gr\u00e1fico de Pedro Albuquerque, a publica\u00e7\u00e3o procura evidenciar n\u00e3o s\u00f3 o valor destes s\u00edtios mas tamb\u00e9m o papel do patrim\u00f3nio cultural na coes\u00e3o territorial e no desenvolvimento sustent\u00e1vel.<\/p>\n<p>A iniciativa resultou de uma colabora\u00e7\u00e3o entre a CCDR de Lisboa e Vale do Tejo (CCDR LVT), I.P. e a Museus e Monumentos de Portugal (MMP), E.P.E., e contou com a presen\u00e7a de representantes institucionais, parceiros e comunidade local.<\/p>\n<p><a href=\"https:\/\/i0.wp.com\/mediotejo.net\/wp-content\/uploads\/2025\/08\/LIVRO.jpg?ssl=1\" rel=\"nofollow noopener\" target=\"_blank\"><img loading=\"lazy\" data-recalc-dims=\"1\" decoding=\"async\" width=\"780\" height=\"508\" src=\"https:\/\/www.europesays.com\/pt\/wp-content\/uploads\/2025\/08\/LIVRO.jpg\" alt=\"\" class=\"wp-image-555995\"  \/><\/a>Livro sobre Patrim\u00f3nio Mundial apresentado no Convento de Cristo. Foto: CCDRLVT<\/p>\n<p>Em nota informativa, a CCDRLVT indica que a Regi\u00e3o de Lisboa e Vale do Tejo \u201c\u00e9 a mais rica do pa\u00eds em patrim\u00f3nio mundial\u201d, reunindo os bens classificados pela UNESCO que \u201cconstituem testemunhos de excecional valor universal. Estes lugares s\u00e3o n\u00e3o apenas \u00edcones culturais e hist\u00f3ricos, mas tamb\u00e9m recursos para a afirma\u00e7\u00e3o da identidade coletiva, o refor\u00e7o da coes\u00e3o regional e a proje\u00e7\u00e3o internacional de Portugal\u201d.<\/p>\n<p><a href=\"https:\/\/i0.wp.com\/mediotejo.net\/wp-content\/uploads\/2025\/08\/A.jpg?ssl=1\" rel=\"nofollow noopener\" target=\"_blank\"><img loading=\"lazy\" data-recalc-dims=\"1\" decoding=\"async\" width=\"780\" height=\"583\" data-id=\"555993\" src=\"https:\/\/www.europesays.com\/pt\/wp-content\/uploads\/2025\/08\/A.jpg\" alt=\"\" class=\"wp-image-555993\"  \/><\/a><\/p>\n<p><a href=\"https:\/\/i0.wp.com\/mediotejo.net\/wp-content\/uploads\/2025\/08\/AA_MMP.jpg?ssl=1\" rel=\"nofollow noopener\" target=\"_blank\"><img loading=\"lazy\" data-recalc-dims=\"1\" decoding=\"async\" width=\"780\" height=\"587\" data-id=\"555991\" src=\"https:\/\/www.europesays.com\/pt\/wp-content\/uploads\/2025\/08\/AA_MMP.jpg\" alt=\"\" class=\"wp-image-555991\"  \/><\/a><\/p>\n<p><a href=\"https:\/\/i0.wp.com\/mediotejo.net\/wp-content\/uploads\/2025\/08\/CCDRLVT.jpg?ssl=1\" rel=\"nofollow noopener\" target=\"_blank\"><img loading=\"lazy\" data-recalc-dims=\"1\" decoding=\"async\" width=\"780\" height=\"631\" data-id=\"555992\" src=\"https:\/\/www.europesays.com\/pt\/wp-content\/uploads\/2025\/08\/CCDRLVT.jpg\" alt=\"\" class=\"wp-image-555992\"  \/><\/a><\/p>\n<p><a href=\"https:\/\/i0.wp.com\/mediotejo.net\/wp-content\/uploads\/2025\/08\/EQUIPA.jpg?ssl=1\" rel=\"nofollow noopener\" target=\"_blank\"><img loading=\"lazy\" data-recalc-dims=\"1\" decoding=\"async\" width=\"780\" height=\"527\" data-id=\"555994\" src=\"https:\/\/www.europesays.com\/pt\/wp-content\/uploads\/2025\/08\/EQUIPA.jpg\" alt=\"\" class=\"wp-image-555994\"  \/><\/a>Fotos: CCDRLVT<\/p>\n<p>A presidente da CCDR LVT sublinhou, na ocasi\u00e3o, a dimens\u00e3o cultural e social deste patrim\u00f3nio como \u201cuma express\u00e3o viva da nossa identidade e um alicerce fundamental para a constru\u00e7\u00e3o de um futuro mais sustent\u00e1vel e coeso\u201d. Para Teresa Almeida, \u201co olhar desta publica\u00e7\u00e3o para os s\u00edtios classificados transmite n\u00e3o apenas o seu valor excecional, mas tamb\u00e9m a forma como estes contribuem para a coes\u00e3o do territ\u00f3rio e para a proje\u00e7\u00e3o internacional do nosso pa\u00eds (\u2026) pois \u00e9 atrav\u00e9s deles que refor\u00e7amos a liga\u00e7\u00e3o entre passado e futuro, entre a heran\u00e7a recebida e a responsabilidade de a transmitir \u00e0s gera\u00e7\u00f5es vindouras.\u201d<\/p>\n<p>Na mesma linha, o presidente da MMP, por sua vez, destacou o papel transformador do patrim\u00f3nio na vida coletiva e no desenvolvimento regional como \u201cespa\u00e7o de encontro, de di\u00e1logo e de aprendizagem, capaz de gerar desenvolvimento e de refor\u00e7ar a liga\u00e7\u00e3o das comunidades ao territ\u00f3rio\u201d. Alexandre Nobre Pais acrescentou que estes lugares \u201cpermitem perceber que a cultura n\u00e3o \u00e9 apenas uma mem\u00f3ria guardada em pedra, mas um recurso vivo, com potencial para inovar, inspirar e dinamizar a economia local e regional (\u2026) e que, ao protegermos estes bens, protegemos igualmente a nossa capacidade de construir futuro em torno da diversidade, da criatividade e do respeito m\u00fatuo.\u201d<\/p>\n<p>A obra integra ainda textos relativos \u00e0s perspetivas de agentes culturais preponderantes na regi\u00e3o, como \u00e9 o caso de Sofia Cruz, presidente da Parques de Sintra \u2013 Monte da Lua, que assinala que \u201ca valoriza\u00e7\u00e3o do patrim\u00f3nio \u00e9 insepar\u00e1vel da valoriza\u00e7\u00e3o das pessoas que dele cuidam e o transmitem \u00e0s gera\u00e7\u00f5es futuras\u201d, assim como do embaixador Jos\u00e9 Filipe Moraes Cabral, presidente da Comiss\u00e3o Nacional da UNESCO, que salientou que os bens classificados da Regi\u00e3o de LVT \u201cs\u00e3o parte de uma heran\u00e7a universal, que importa proteger, interpretar e colocar ao servi\u00e7o da humanidade\u201d.<\/p>\n<p>O evento contou com interven\u00e7\u00f5es da equipa de design, de fotografia e da autora dos textos, bem como da diretora do Convento de Cristo, Andreia Galv\u00e3o, e da vereadora da Cultura do munic\u00edpio de Tomar, Filipa Fernandes, que refor\u00e7aram a centralidade do monumento no panorama cultural e patrimonial do pa\u00eds.<\/p>\n<p><a href=\"https:\/\/i0.wp.com\/mediotejo.net\/wp-content\/uploads\/2025\/08\/PLATEIA.jpg?ssl=1\" rel=\"nofollow noopener\" target=\"_blank\"><img loading=\"lazy\" data-recalc-dims=\"1\" decoding=\"async\" width=\"780\" height=\"495\" src=\"https:\/\/www.europesays.com\/pt\/wp-content\/uploads\/2025\/08\/PLATEIA.jpg\" alt=\"\" class=\"wp-image-555996\"  \/><\/a>Livro sobre Patrim\u00f3nio Mundial apresentado no Convento de Cristo. Foto: CCDRLVT<\/p>\n<p>A nova publica\u00e7\u00e3o encontra-se j\u00e1 dispon\u00edvel e poder\u00e1 ser adquirida, em breve, nas lojas dos museus nacionais, contribuindo para a divulga\u00e7\u00e3o e valoriza\u00e7\u00e3o do patrim\u00f3nio mundial da regi\u00e3o.<\/p>\n<p>\n\tOutros artigos<\/p>\n","protected":false},"excerpt":{"rendered":"O Convento de Cristo, em Tomar, recebeu esta semana a apresenta\u00e7\u00e3o de uma nova publica\u00e7\u00e3o dedicada ao Patrim\u00f3nio&hellip;\n","protected":false},"author":2,"featured_media":40443,"comment_status":"","ping_status":"","sticky":false,"template":"","format":"standard","meta":{"footnotes":""},"categories":[143],"tags":[169,12334,114,115,170,32,33],"class_list":{"0":"post-40442","1":"post","2":"type-post","3":"status-publish","4":"format-standard","5":"has-post-thumbnail","7":"category-livros","8":"tag-books","9":"tag-ccdrlvt","10":"tag-entertainment","11":"tag-entretenimento","12":"tag-livros","13":"tag-portugal","14":"tag-pt"},"share_on_mastodon":{"url":"","error":""},"_links":{"self":[{"href":"https:\/\/www.europesays.com\/pt\/wp-json\/wp\/v2\/posts\/40442","targetHints":{"allow":["GET"]}}],"collection":[{"href":"https:\/\/www.europesays.com\/pt\/wp-json\/wp\/v2\/posts"}],"about":[{"href":"https:\/\/www.europesays.com\/pt\/wp-json\/wp\/v2\/types\/post"}],"author":[{"embeddable":true,"href":"https:\/\/www.europesays.com\/pt\/wp-json\/wp\/v2\/users\/2"}],"replies":[{"embeddable":true,"href":"https:\/\/www.europesays.com\/pt\/wp-json\/wp\/v2\/comments?post=40442"}],"version-history":[{"count":0,"href":"https:\/\/www.europesays.com\/pt\/wp-json\/wp\/v2\/posts\/40442\/revisions"}],"wp:featuredmedia":[{"embeddable":true,"href":"https:\/\/www.europesays.com\/pt\/wp-json\/wp\/v2\/media\/40443"}],"wp:attachment":[{"href":"https:\/\/www.europesays.com\/pt\/wp-json\/wp\/v2\/media?parent=40442"}],"wp:term":[{"taxonomy":"category","embeddable":true,"href":"https:\/\/www.europesays.com\/pt\/wp-json\/wp\/v2\/categories?post=40442"},{"taxonomy":"post_tag","embeddable":true,"href":"https:\/\/www.europesays.com\/pt\/wp-json\/wp\/v2\/tags?post=40442"}],"curies":[{"name":"wp","href":"https:\/\/api.w.org\/{rel}","templated":true}]}}