{"id":404545,"date":"2026-06-03T01:58:11","date_gmt":"2026-06-03T01:58:11","guid":{"rendered":"https:\/\/www.europesays.com\/pt\/404545\/"},"modified":"2026-06-03T01:58:11","modified_gmt":"2026-06-03T01:58:11","slug":"de-rivais-a-amigos-catarina-miranda-surpreende-com-elogio-a-famoso-um-senhor","status":"publish","type":"post","link":"https:\/\/www.europesays.com\/pt\/404545\/","title":{"rendered":"De rivais a amigos? Catarina Miranda surpreende com elogio a famoso: &#8220;Um senhor&#8221;"},"content":{"rendered":"<p>Enquanto concorrente do &#8220;<a href=\"https:\/\/tvi.iol.pt\/bigbrother\/\" rel=\"noopener noreferrer nofollow\" target=\"_blank\">Big Brother<\/a> 2024&#8243;, Catarina Miranda n\u00e3o agradou a Francisco Monteiro, que, juntamente com Marcia Soares, comentava as galas do reality show da <a href=\"https:\/\/tvi.iol.pt\/\" rel=\"noopener noreferrer nofollow\" target=\"_blank\">TVI<\/a>. J\u00e1 fora da casa mais vigiada do Pa\u00eds, a ribatejana protagonizou novas disc\u00f3rdias com Zaza, como \u00e9 carinhosamente tratado.<\/p>\n<p>Mas o tempo em que os dois eram rivais parece j\u00e1 ir longe. Na sequ\u00eancia da conversa que <a href=\"https:\/\/selfie.iol.pt\/famosos\/secret-story-desafio-final\/catarina-miranda-em-choque-com-afirmacao-de-afonso-leitao-nao-tenho-palavras\/20260602\/6a1ef38e0cf2d0ed34b85ff7\" rel=\"noopener noreferrer nofollow\" target=\"_blank\">Catarina Miranda<\/a> e Francisco Monteiro protagonizaram para o matutino &#8220;<a href=\"https:\/\/tvi.iol.pt\/doisas10\/\" rel=\"noopener noreferrer nofollow\" target=\"_blank\">Dois \u00e0s 10<\/a>&#8220;, ambos aparentam ter agora uma liga\u00e7\u00e3o saud\u00e1vel.<\/p>\n<p>Prova disso, ali\u00e1s, \u00e9 um elogio feito pela ex-namorada de Afonso Leit\u00e3o ao comentador do programa da esta\u00e7\u00e3o de Queluz de Baixo. &#8220;Ainda bem que ainda h\u00e1 homens como o Zaza, que respeitam as mulheres. Obrigada, Francisco Monteiro&#8221;, agradeceu uma pessoa, no X, antigo Twitter, ainda a prop\u00f3sito da pol\u00e9mica que envolve o concorrente de &#8220;<a href=\"https:\/\/tvi.iol.pt\/secretstory\/\" rel=\"noopener noreferrer nofollow\" target=\"_blank\">Secret Story<\/a> &#8211; Desafio Final&#8221; e a ex-companheira. &#8220;Um senhor&#8221;, reagiu, ent\u00e3o, <a href=\"https:\/\/selfie.iol.pt\/famosos\/secret-story-desafio-final\/esta-foi-forte-catarina-miranda-lanca-indireta-que-atinge-afonso-leitao\/20260602\/6a1efd070cf27cac6fcf53b7\" rel=\"noopener noreferrer nofollow\" target=\"_blank\">Catarina Miranda<\/a>.<\/p>\n<p>Veja, agora, v\u00eddeos sobre a controv\u00e9rsia que est\u00e1 a marcar os \u00faltimos dias.<\/p>\n<blockquote class=\"twitter-tweet\">\n<p lang=\"pt\">Um senhor <a href=\"https:\/\/x.com\/hashtag\/sstvi?src=hash&amp;ref_src=twsrc%5Etfw\" rel=\"nofollow\">#sstvi<\/a> <a href=\"https:\/\/t.co\/hykmySmvYi\" rel=\"nofollow\">https:\/\/t.co\/hykmySmvYi<\/a><\/p>\n<p> \u2014 Catarina Miranda (@catarinabb24) <a href=\"https:\/\/x.com\/catarinabb24\/status\/2061553208946798793?ref_src=twsrc%5Etfw\" rel=\"nofollow\">June 1, 2026<\/a>\n<\/p><\/blockquote>\n<p>\u00a0<\/p>\n","protected":false},"excerpt":{"rendered":"Enquanto concorrente do &#8220;Big Brother 2024&#8243;, Catarina Miranda n\u00e3o agradou a Francisco Monteiro, que, juntamente com Marcia Soares,&hellip;\n","protected":false},"author":2,"featured_media":404546,"comment_status":"","ping_status":"","sticky":false,"template":"","format":"standard","meta":{"footnotes":"","_share_on_mastodon":"0"},"categories":[145],"tags":[2031,6308,7081,48,7080,2632,15384,342,211,210,13933,6338,15383,801,114,115,6309,980,2071,2038,619,32,33,1014,1315,6985,15382,1012,6986,162,3664,2739,12181],"class_list":["post-404545","post","type-post","status-publish","format-standard","has-post-thumbnail","category-celebridades","tag-afonso-leitao","tag-bb","tag-bb2024","tag-big-brother","tag-big-brother-2024","tag-casa-dos-segredos","tag-casa-dos-segredos-desafio-final","tag-catarina-miranda","tag-celebridades","tag-celebrities","tag-comentador","tag-concorrente","tag-desafio-final","tag-dois-as-10","tag-entertainment","tag-entretenimento","tag-ex-concorrente","tag-famosos","tag-francisco-monteiro","tag-marcia-soares","tag-nacional","tag-portugal","tag-pt","tag-reality-show","tag-secret-story","tag-secret-story-casa-dos-segredos","tag-secret-story-desafio-final","tag-selfie","tag-ss","tag-tvi","tag-twitter","tag-x","tag-zaza"],"share_on_mastodon":{"url":"","error":"Validation failed: Text character limit of 500 exceeded"},"_links":{"self":[{"href":"https:\/\/www.europesays.com\/pt\/wp-json\/wp\/v2\/posts\/404545","targetHints":{"allow":["GET"]}}],"collection":[{"href":"https:\/\/www.europesays.com\/pt\/wp-json\/wp\/v2\/posts"}],"about":[{"href":"https:\/\/www.europesays.com\/pt\/wp-json\/wp\/v2\/types\/post"}],"author":[{"embeddable":true,"href":"https:\/\/www.europesays.com\/pt\/wp-json\/wp\/v2\/users\/2"}],"replies":[{"embeddable":true,"href":"https:\/\/www.europesays.com\/pt\/wp-json\/wp\/v2\/comments?post=404545"}],"version-history":[{"count":0,"href":"https:\/\/www.europesays.com\/pt\/wp-json\/wp\/v2\/posts\/404545\/revisions"}],"wp:featuredmedia":[{"embeddable":true,"href":"https:\/\/www.europesays.com\/pt\/wp-json\/wp\/v2\/media\/404546"}],"wp:attachment":[{"href":"https:\/\/www.europesays.com\/pt\/wp-json\/wp\/v2\/media?parent=404545"}],"wp:term":[{"taxonomy":"category","embeddable":true,"href":"https:\/\/www.europesays.com\/pt\/wp-json\/wp\/v2\/categories?post=404545"},{"taxonomy":"post_tag","embeddable":true,"href":"https:\/\/www.europesays.com\/pt\/wp-json\/wp\/v2\/tags?post=404545"}],"curies":[{"name":"wp","href":"https:\/\/api.w.org\/{rel}","templated":true}]}}