{"id":404648,"date":"2026-06-03T05:41:23","date_gmt":"2026-06-03T05:41:23","guid":{"rendered":"https:\/\/www.europesays.com\/pt\/404648\/"},"modified":"2026-06-03T05:41:23","modified_gmt":"2026-06-03T05:41:23","slug":"oficial-issa-doumbia-assina-pelo-sporting-ate-2031-e-fica-blindado-por-80-milhoes-de-euros-futebol","status":"publish","type":"post","link":"https:\/\/www.europesays.com\/pt\/404648\/","title":{"rendered":"Oficial: Issa Doumbia assina pelo Sporting at\u00e9 2031 e fica blindado por 80 milh\u00f5es de euros &#8211; Futebol"},"content":{"rendered":"<p>&#13;<br \/>\n                                &#13;<\/p>\n<p class=\"\">&#13;<br \/>\n        Um dos aguardados refor\u00e7os para o meio-campo do Sporting em 2026\/27 acaba de ser oficializado. Issa Doumbia foi anunciado esta segunda-feira como cara nova do emblema de Alvalade, sendo que o m\u00e9dio de 22 anos fica blindado por uma cl\u00e1usula de rescis\u00e3o no valor de 80 milh\u00f5es de euros.&#13;\n    <\/p>\n<p>&#13;<br \/>\n&#13;<br \/>\n&#13;<br \/>\n                                &#13;<\/p>\n<p class=\"\">&#13;<br \/>\n        Proveniente do Veneza, o internacional sub-21 italiano assinou um contrato v\u00e1lido at\u00e9 junho de 2031 com o Sporting, depois de ter feito toda a sua carreira at\u00e9 agora em solo transalpino.\u00a0&#13;\n    <\/p>\n<p>&#13;<br \/>\n&#13;<br \/>\n&#13;<br \/>\n                        &#13;<br \/>\n                                &#13;<\/p>\n<p class=\"\">&#13;<br \/>\n        Numa corrida pelo jogador que contou igualmente com o Benfica na equa\u00e7\u00e3o &#8211; as \u00e1guias chegaram a demonstrar interesse no atleta -, Issa Doumbia foi contratado pelo Sporting ao Veneza a troco de 20 milh\u00f5es de euros fixos (mais 6 milh\u00f5es em objetivos, os quais divididos numa parcela de 3 M\u20ac mediante metas de f\u00e1cil concretiza\u00e7\u00e3o e outros 3 M\u20ac por metas mais complicadas).&#13;\n    <\/p>\n<p>&#13;<br \/>\n&#13;<br \/>\n&#13;<br \/>\n                        &#13;<br \/>\n                                &#13;<\/p>\n<p class=\"\">&#13;<br \/>\n        Natural de Treviglio, na zona da Lombardia, o m\u00e9dio italo-costa-marfinense foi uma das figuras do Veneza na campanha que culminou na subida \u00e0 Serie A (1\u00aa divis\u00e3o transalpina) em 2025\/26, somando um total de 10 golos e cinco assist\u00eancias em 38 encontros.&#13;\n    <\/p>\n<p>&#13;<br \/>\n&#13;<br \/>\n&#13;<br \/>\n                                        &#13;<br \/>\n        &#13;<br \/>\n    &#13;<br \/>\n&#13;<br \/>\n&#13;<br \/>\n&#13;<\/p>\n<p>                            &#13;<\/p>\n<p>                                    &#13;<br \/>\n                                        <a href=\"https:\/\/www.cmjornal.pt\/desporto\/futebol\/detalhe\/doumbia-chega-de-moto-a-alvalade\" content_list_position=\"1\" title=\"Doumbia chega de moto a Alvalade\" rel=\"nofollow noopener\" target=\"_blank\">&#13;<br \/>\n                                                <img class=\"b-lazy img_fluid\"\/>&#13;<br \/>\n                                        <\/a>&#13;<br \/>\n&#13;<\/p>\n<p>                                &#13;<br \/>\n&#13;<br \/>\n                                &#13;<\/p>\n<p>            &#13;<br \/>\n&#13;<br \/>\n&#13;<br \/>\n                &#13;<br \/>\n&#13;<br \/>\n&#13;<\/p>\n","protected":false},"excerpt":{"rendered":"&#13; &#13; &#13; Um dos aguardados refor\u00e7os para o meio-campo do Sporting em 2026\/27 acaba de ser oficializado.&hellip;\n","protected":false},"author":2,"featured_media":404649,"comment_status":"","ping_status":"","sticky":false,"template":"","format":"standard","meta":{"footnotes":"","_share_on_mastodon":"0"},"categories":[87],"tags":[11951,135,58972,66630,16648,32,33,22429,40735,134,232],"class_list":["post-404648","post","type-post","status-publish","format-standard","has-post-thumbnail","category-desporto","tag-alvalade","tag-desporto","tag-issa-doumbia","tag-lombardia","tag-milhoes","tag-portugal","tag-pt","tag-rescisao","tag-sporting-clube-de-portugal","tag-sports","tag-veneza"],"share_on_mastodon":{"url":"https:\/\/pubeurope.com\/@pt\/116684579616299808","error":""},"_links":{"self":[{"href":"https:\/\/www.europesays.com\/pt\/wp-json\/wp\/v2\/posts\/404648","targetHints":{"allow":["GET"]}}],"collection":[{"href":"https:\/\/www.europesays.com\/pt\/wp-json\/wp\/v2\/posts"}],"about":[{"href":"https:\/\/www.europesays.com\/pt\/wp-json\/wp\/v2\/types\/post"}],"author":[{"embeddable":true,"href":"https:\/\/www.europesays.com\/pt\/wp-json\/wp\/v2\/users\/2"}],"replies":[{"embeddable":true,"href":"https:\/\/www.europesays.com\/pt\/wp-json\/wp\/v2\/comments?post=404648"}],"version-history":[{"count":0,"href":"https:\/\/www.europesays.com\/pt\/wp-json\/wp\/v2\/posts\/404648\/revisions"}],"wp:featuredmedia":[{"embeddable":true,"href":"https:\/\/www.europesays.com\/pt\/wp-json\/wp\/v2\/media\/404649"}],"wp:attachment":[{"href":"https:\/\/www.europesays.com\/pt\/wp-json\/wp\/v2\/media?parent=404648"}],"wp:term":[{"taxonomy":"category","embeddable":true,"href":"https:\/\/www.europesays.com\/pt\/wp-json\/wp\/v2\/categories?post=404648"},{"taxonomy":"post_tag","embeddable":true,"href":"https:\/\/www.europesays.com\/pt\/wp-json\/wp\/v2\/tags?post=404648"}],"curies":[{"name":"wp","href":"https:\/\/api.w.org\/{rel}","templated":true}]}}