{"id":405460,"date":"2026-06-03T21:22:24","date_gmt":"2026-06-03T21:22:24","guid":{"rendered":"https:\/\/www.europesays.com\/pt\/405460\/"},"modified":"2026-06-03T21:22:24","modified_gmt":"2026-06-03T21:22:24","slug":"sus-vai-ofertar-nova-vacina-pneumococica-para-criancas-03-06-2026-equilibrio","status":"publish","type":"post","link":"https:\/\/www.europesays.com\/pt\/405460\/","title":{"rendered":"SUS vai ofertar nova vacina pneumoc\u00f3cica para crian\u00e7as &#8211; 03\/06\/2026 &#8211; Equil\u00edbrio"},"content":{"rendered":"<p>O <a href=\"https:\/\/www1.folha.uol.com.br\/folha-topicos\/ministerio-da-saude\/\" rel=\"nofollow noopener\" target=\"_blank\">Minist\u00e9rio da Sa\u00fade<\/a> anunciou nesta quarta-feira (3) que o <a href=\"https:\/\/www1.folha.uol.com.br\/folha-topicos\/sus\/\" rel=\"nofollow noopener\" target=\"_blank\">SUS<\/a> (Sistema \u00danico de <a href=\"https:\/\/www1.folha.uol.com.br\/folha-topicos\/saude\/\" rel=\"nofollow noopener\" target=\"_blank\">Sa\u00fade<\/a>) ir\u00e1 disponibilizar a vacina pneumoc\u00f3cica 20, que oferece prote\u00e7\u00e3o contra 20 sorotipos da bact\u00e9ria Streptococcus pneumoniae, causadora de doen\u00e7as como pneumonia, meningite e otite m\u00e9dia.<\/p>\n<p>O ministro Alexandre Padilha disse que as doses devem ser aplicadas a partir da segunda metade de junho. O novo imunizante ir\u00e1 substituir outras tr\u00eas vacinas: as conjugadas pneumo 10, pneumo 13 e a polissacar\u00eddica 23.<\/p>\n<p>As doses ser\u00e3o ofertadas a crian\u00e7as menores de cinco anos. Tamb\u00e9m podem receber a vacina, segundo a Sa\u00fade, os povos ind\u00edgenas maiores de cinco anos de idade e sem hist\u00f3rico vacinal com pneumo conjugada, idosos com 60 anos ou mais acamados ou institucionalizados, al\u00e9m de pessoas com condi\u00e7\u00f5es cl\u00ednicas especiais, atendidas nos CRIE (Centros de Refer\u00eancia para Imunobiol\u00f3gicos Especiais).<\/p>\n<p>Segundo o Minist\u00e9rio da Sa\u00fade, a transi\u00e7\u00e3o ser\u00e1 feita de forma gradual, mantendo o esquema vacinal b\u00e1sico para crian\u00e7as com uma dose da pneumo 20 aos 2 meses de idade, uma dose da pneumo 10 aos 4 meses e uma dose de refor\u00e7o da pneumo 20 aos 12 meses. &#8220;As vacinas VPC13 e VPP23 ser\u00e3o utilizadas em estrat\u00e9gias diferentes&#8221;, diz a Sa\u00fade.<\/p>\n<p>Ap\u00f3s o esgotamento dessas doses, o esquema vacinal passar\u00e1 a utilizar exclusivamente a pneumo 20, afirma ainda a pasta.<\/p>\n<p>Padilha disse que a nova vacina &#8220;adiciona outros sorotipos, ampliando a cobertura vacinal e a produ\u00e7\u00e3o das nossas crian\u00e7as&#8221;.<\/p>\n<p>O minist\u00e9rio afirma que 514 mil doses j\u00e1 foram entregues aos estados. Os imunizantes ser\u00e3o repassados aos munic\u00edpios. A previs\u00e3o \u00e9 disponibilizar mais de 4,5 milh\u00f5es de doses at\u00e9 o fim de junho, diz a pasta.<\/p>\n<p>&#8220;O diferencial da nova vacina \u00e9 a amplia\u00e7\u00e3o da prote\u00e7\u00e3o imunol\u00f3gica, relacionadas aos sorotipos que mais causam pneumonia invasiva, especialmente os tipos 3, 6A e 19A, sendo mais abrangente do que as formula\u00e7\u00f5es anteriores. A vacina tamb\u00e9m atua contra a otite m\u00e9dia, condi\u00e7\u00e3o que pode levar \u00e0 perda auditiva e infec\u00e7\u00e3o generalizada que pode levar \u00e0 morte&#8221;, diz o Minist\u00e9rio da Sa\u00fade.<\/p>\n<p>A \u00f3rg\u00e3o afirma que foram registrados 4.600 casos de meningite pneumoc\u00f3cica e 1.400 \u00f3bitos no Brasil de 2023 a 2025, &#8220;o que representa uma taxa de letalidade superior a 30%&#8221;. Entre crian\u00e7as menores de cinco anos, foram 616 casos e 188 mortes no mesmo per\u00edodo, diz ainda a Sa\u00fade.<\/p>\n<p>A Anvisa (Ag\u00eancia Nacional de Vigil\u00e2ncia Sanit\u00e1ria) aprovou o registro da nova vacina em dezembro de 2023. As doses come\u00e7aram a ser aplicadas em 2025 na rede privada, com custo de cerca de R$ 500, segundo o minist\u00e9rio.<\/p>\n","protected":false},"excerpt":{"rendered":"O Minist\u00e9rio da Sa\u00fade anunciou nesta quarta-feira (3) que o SUS (Sistema \u00danico de Sa\u00fade) ir\u00e1 disponibilizar a&hellip;\n","protected":false},"author":2,"featured_media":405461,"comment_status":"","ping_status":"","sticky":false,"template":"","format":"standard","meta":{"footnotes":"","_share_on_mastodon":"0"},"categories":[86],"tags":[66703,236,116,11291,1208,4993,1703,2879,30678,32,33,117,4483,2820],"class_list":["post-405460","post","type-post","status-publish","format-standard","has-post-thumbnail","category-saude","tag-doenca-pneumococica","tag-folha","tag-health","tag-imunobiologicos","tag-medicina","tag-meningite","tag-ministerio-da-saude","tag-pneumonia","tag-pni","tag-portugal","tag-pt","tag-saude","tag-sus","tag-vacinacao"],"share_on_mastodon":{"url":"https:\/\/pubeurope.com\/@pt\/116688279750118228","error":""},"_links":{"self":[{"href":"https:\/\/www.europesays.com\/pt\/wp-json\/wp\/v2\/posts\/405460","targetHints":{"allow":["GET"]}}],"collection":[{"href":"https:\/\/www.europesays.com\/pt\/wp-json\/wp\/v2\/posts"}],"about":[{"href":"https:\/\/www.europesays.com\/pt\/wp-json\/wp\/v2\/types\/post"}],"author":[{"embeddable":true,"href":"https:\/\/www.europesays.com\/pt\/wp-json\/wp\/v2\/users\/2"}],"replies":[{"embeddable":true,"href":"https:\/\/www.europesays.com\/pt\/wp-json\/wp\/v2\/comments?post=405460"}],"version-history":[{"count":0,"href":"https:\/\/www.europesays.com\/pt\/wp-json\/wp\/v2\/posts\/405460\/revisions"}],"wp:featuredmedia":[{"embeddable":true,"href":"https:\/\/www.europesays.com\/pt\/wp-json\/wp\/v2\/media\/405461"}],"wp:attachment":[{"href":"https:\/\/www.europesays.com\/pt\/wp-json\/wp\/v2\/media?parent=405460"}],"wp:term":[{"taxonomy":"category","embeddable":true,"href":"https:\/\/www.europesays.com\/pt\/wp-json\/wp\/v2\/categories?post=405460"},{"taxonomy":"post_tag","embeddable":true,"href":"https:\/\/www.europesays.com\/pt\/wp-json\/wp\/v2\/tags?post=405460"}],"curies":[{"name":"wp","href":"https:\/\/api.w.org\/{rel}","templated":true}]}}