{"id":40553,"date":"2025-08-22T18:00:19","date_gmt":"2025-08-22T18:00:19","guid":{"rendered":"https:\/\/www.europesays.com\/pt\/40553\/"},"modified":"2025-08-22T18:00:19","modified_gmt":"2025-08-22T18:00:19","slug":"rosa-toma-atitude-contra-jaques-e-samuel-assume-a-presidencia-da-boaz","status":"publish","type":"post","link":"https:\/\/www.europesays.com\/pt\/40553\/","title":{"rendered":"Rosa toma atitude contra Jaques e Samuel assume a presid\u00eancia da Boaz"},"content":{"rendered":"<p>\n                        O bandido sofrer\u00e1 com as consequ\u00eancias de suas a\u00e7\u00f5es e acabar\u00e1 sendo demitido da empresa pela pr\u00f3pria fam\u00edlia; acompanhe\n                    <\/p>\n<p class=\"text\"><strong>Jaques<\/strong> (<strong>Marcello Novaes<\/strong>) enfrentar\u00e1 a consequ\u00eancia de seus atos e ser\u00e1 derrotado por <strong>Samuel<\/strong> (<strong>Juan Paiva<\/strong>) na nova elei\u00e7\u00e3o para a presid\u00eancia da empresa Boaz. Por meio de um plano arquitetado por <strong>Rosa<\/strong> (<strong>Suely Franco<\/strong>), seus familiares garantir\u00e3o que ele n\u00e3o continue com seu reinado de terror, finalmente tomando atitudes contra suas maldades.<\/p>\n<p><img loading=\"lazy\" decoding=\"async\" alt=\"\" class=\"img-925992ce339f2b61171e5a8519c2588fvi1yhfry\" height=\"435\" src=\"https:\/\/www.europesays.com\/pt\/wp-content\/uploads\/2025\/08\/1295552092-jaques-rosa.jpg\"  title=\"Reprodu\u00e7\u00e3o\/TV Globo \/ M\u00e1rcia Piovesan\" width=\"774\"\/><\/p>\n<p>\nFoto: Reprodu\u00e7\u00e3o\/TV Globo \/ M\u00e1rcia Piovesan\n<\/p>\n<p class=\"text\">Com a mudan\u00e7a oficial do cr\u00e1pula para a mans\u00e3o Boaz e seu novo cargo como presidente, ele come\u00e7ar\u00e1 a vigiar seus parentes mais ardilosamente. Por meio de um aviso de <strong>Leo<\/strong> (<strong>Clara Moneke<\/strong>), <strong>Rosa<\/strong> perceber\u00e1 as verdadeiras inten\u00e7\u00f5es do filho e tomar\u00e1 partida para impedir que seus planos se concretizem. Antes de perder sua lucidez para o mal de Alzheimer, a veterana passar\u00e1 a perna no canalha, nomeando <strong>Samuel<\/strong> como respons\u00e1vel legal por suas finan\u00e7as e transferindo parte de suas a\u00e7\u00f5es para <strong>Sofia<\/strong> (<strong>Elis Cabral<\/strong>).<\/p>\n<p class=\"text\">A escolha da matriarca ser\u00e1 comunicada por meio de uma reuni\u00e3o convocada por ela, e Jaques amea\u00e7ar\u00e1 imediatamente contestar a decis\u00e3o judicialmente. Entretanto, essa n\u00e3o ser\u00e1 a \u00fanica novidade de sua m\u00e3e. Ela tamb\u00e9m demandar\u00e1 uma nova elei\u00e7\u00e3o para presidente da companhia, e o processo ocorrer\u00e1 logo em seguida. <strong>Rosa<\/strong>, <strong>Sofia<\/strong> (representada por <strong>Leo<\/strong>), <strong>Davi<\/strong> (<strong>Rafael Vitti<\/strong>) e <strong>Ayla<\/strong> (<strong>Bel Lima<\/strong>) se posicionar\u00e3o a favor de <strong>Samuel<\/strong> para o cargo. <strong>Ricardo<\/strong> (<strong>Marcos Pasquim<\/strong>) representar\u00e1 o \u00fanico voto por <strong>Jaques<\/strong>, como esperado.<\/p>\n<p class=\"text\">Portanto, com o resultado evidente, <strong>Samuel<\/strong> assumir\u00e1 a presid\u00eancia. Seu primeiro ato no cargo ser\u00e1 a demiss\u00e3o de seu tio e o afastamento dele da companhia. Irado, <strong>Jaques<\/strong> se retirar\u00e1 da sala, enfim derrotado ap\u00f3s tantas artimanhas.<\/p>\n","protected":false},"excerpt":{"rendered":"O bandido sofrer\u00e1 com as consequ\u00eancias de suas a\u00e7\u00f5es e acabar\u00e1 sendo demitido da empresa pela pr\u00f3pria fam\u00edlia;&hellip;\n","protected":false},"author":2,"featured_media":40554,"comment_status":"","ping_status":"","sticky":false,"template":"","format":"standard","meta":{"footnotes":""},"categories":[142],"tags":[114,115,32,33,151],"class_list":{"0":"post-40553","1":"post","2":"type-post","3":"status-publish","4":"format-standard","5":"has-post-thumbnail","7":"category-tv","8":"tag-entertainment","9":"tag-entretenimento","10":"tag-portugal","11":"tag-pt","12":"tag-tv"},"share_on_mastodon":{"url":"","error":""},"_links":{"self":[{"href":"https:\/\/www.europesays.com\/pt\/wp-json\/wp\/v2\/posts\/40553","targetHints":{"allow":["GET"]}}],"collection":[{"href":"https:\/\/www.europesays.com\/pt\/wp-json\/wp\/v2\/posts"}],"about":[{"href":"https:\/\/www.europesays.com\/pt\/wp-json\/wp\/v2\/types\/post"}],"author":[{"embeddable":true,"href":"https:\/\/www.europesays.com\/pt\/wp-json\/wp\/v2\/users\/2"}],"replies":[{"embeddable":true,"href":"https:\/\/www.europesays.com\/pt\/wp-json\/wp\/v2\/comments?post=40553"}],"version-history":[{"count":0,"href":"https:\/\/www.europesays.com\/pt\/wp-json\/wp\/v2\/posts\/40553\/revisions"}],"wp:featuredmedia":[{"embeddable":true,"href":"https:\/\/www.europesays.com\/pt\/wp-json\/wp\/v2\/media\/40554"}],"wp:attachment":[{"href":"https:\/\/www.europesays.com\/pt\/wp-json\/wp\/v2\/media?parent=40553"}],"wp:term":[{"taxonomy":"category","embeddable":true,"href":"https:\/\/www.europesays.com\/pt\/wp-json\/wp\/v2\/categories?post=40553"},{"taxonomy":"post_tag","embeddable":true,"href":"https:\/\/www.europesays.com\/pt\/wp-json\/wp\/v2\/tags?post=40553"}],"curies":[{"name":"wp","href":"https:\/\/api.w.org\/{rel}","templated":true}]}}