{"id":40572,"date":"2025-08-22T18:14:08","date_gmt":"2025-08-22T18:14:08","guid":{"rendered":"https:\/\/www.europesays.com\/pt\/40572\/"},"modified":"2025-08-22T18:14:08","modified_gmt":"2025-08-22T18:14:08","slug":"momento-de-emocao-ex-concorrente-entra-de-surpresa-e-toca-o-coracao-da-casa-big-brother","status":"publish","type":"post","link":"https:\/\/www.europesays.com\/pt\/40572\/","title":{"rendered":"Momento de emo\u00e7\u00e3o: ex-concorrente entra de surpresa e toca o cora\u00e7\u00e3o da casa &#8211; Big Brother"},"content":{"rendered":"<p style=\"margin-bottom:11px\">No Big Brother Ver\u00e3o, Manuel Melo entrou de surpresa na casa mais vigiada do pa\u00eds, e os concorrentes foram obrigados a fingir que nada estava a acontecer. Mas a emo\u00e7\u00e3o foi mais forte: entre tentativas de conten\u00e7\u00e3o e olhares comovidos, houve quem chorasse de emo\u00e7\u00e3o. Veja tudo.<\/p>\n<p>Esta semana, h\u00e1 quatro concorrentes em risco de expuls\u00e3o. Vote no seu concorrente favorito para o salvar:<\/p>\n<p>AFONSO LEIT\u00c3O \u2013 761 20 20 01<\/p>\n<p>J\u00c9SSICA VIEIRA \u2013 761 20 20 07<\/p>\n<p>KINA \u2013 761 20 20 08<\/p>\n<p>VIRIATO \u2013 761 20 20 13<\/p>\n<p><strong><a href=\"https:\/\/tvi.iol.pt\/bigbrother\/aominuto\" wbo-id=\"33\" rel=\"nofollow noopener\" target=\"_blank\">Acompanhe aqui tudo o que se passa na casa mais vigiada do pa\u00eds!<\/a><\/strong><\/p>\n","protected":false},"excerpt":{"rendered":"No Big Brother Ver\u00e3o, Manuel Melo entrou de surpresa na casa mais vigiada do pa\u00eds, e os concorrentes&hellip;\n","protected":false},"author":2,"featured_media":40573,"comment_status":"","ping_status":"","sticky":false,"template":"","format":"standard","meta":{"footnotes":""},"categories":[142],"tags":[331,48,329,333,328,335,336,114,115,334,332,330,13,32,33,151,162,227],"class_list":{"0":"post-40572","1":"post","2":"type-post","3":"status-publish","4":"format-standard","5":"has-post-thumbnail","7":"category-tv","8":"tag-big","9":"tag-big-brother","10":"tag-claudio-ramos","11":"tag-comentadores","12":"tag-concorrentes","13":"tag-confrontos","14":"tag-discussoes","15":"tag-entertainment","16":"tag-entretenimento","17":"tag-exclusivos","18":"tag-expulso","19":"tag-gala","20":"tag-noticias","21":"tag-portugal","22":"tag-pt","23":"tag-tv","24":"tag-tvi","25":"tag-videos"},"share_on_mastodon":{"url":"","error":""},"_links":{"self":[{"href":"https:\/\/www.europesays.com\/pt\/wp-json\/wp\/v2\/posts\/40572","targetHints":{"allow":["GET"]}}],"collection":[{"href":"https:\/\/www.europesays.com\/pt\/wp-json\/wp\/v2\/posts"}],"about":[{"href":"https:\/\/www.europesays.com\/pt\/wp-json\/wp\/v2\/types\/post"}],"author":[{"embeddable":true,"href":"https:\/\/www.europesays.com\/pt\/wp-json\/wp\/v2\/users\/2"}],"replies":[{"embeddable":true,"href":"https:\/\/www.europesays.com\/pt\/wp-json\/wp\/v2\/comments?post=40572"}],"version-history":[{"count":0,"href":"https:\/\/www.europesays.com\/pt\/wp-json\/wp\/v2\/posts\/40572\/revisions"}],"wp:featuredmedia":[{"embeddable":true,"href":"https:\/\/www.europesays.com\/pt\/wp-json\/wp\/v2\/media\/40573"}],"wp:attachment":[{"href":"https:\/\/www.europesays.com\/pt\/wp-json\/wp\/v2\/media?parent=40572"}],"wp:term":[{"taxonomy":"category","embeddable":true,"href":"https:\/\/www.europesays.com\/pt\/wp-json\/wp\/v2\/categories?post=40572"},{"taxonomy":"post_tag","embeddable":true,"href":"https:\/\/www.europesays.com\/pt\/wp-json\/wp\/v2\/tags?post=40572"}],"curies":[{"name":"wp","href":"https:\/\/api.w.org\/{rel}","templated":true}]}}