{"id":40590,"date":"2025-08-22T18:28:09","date_gmt":"2025-08-22T18:28:09","guid":{"rendered":"https:\/\/www.europesays.com\/pt\/40590\/"},"modified":"2025-08-22T18:28:09","modified_gmt":"2025-08-22T18:28:09","slug":"cinha-jardim-relata-ter-visto-nuno-brito-muito-intimo-de-uma-outra-ex-concorrente-do-big-brother-big-brother","status":"publish","type":"post","link":"https:\/\/www.europesays.com\/pt\/40590\/","title":{"rendered":"Cinha Jardim relata ter visto Nuno Brito &#8216;muito \u00edntimo&#8217; de uma outra ex-concorrente do Big Brother &#8211; Big Brother"},"content":{"rendered":"<p data-end=\"128\" data-start=\"0\"><strong data-end=\"126\" data-start=\"0\">Cinha Jardim levanta suspeitas sobre nova cumplicidade no \u201cBig Brother 2025\u201d: \u00abVi o Nuno Brito e a Adrielle muito \u00edntimos\u00bb<\/strong><\/p>\n<p data-end=\"297\" data-start=\"130\">No Dois \u00e0s 10, durante uma conversa sobre os ex-concorrentes do \u201cBig Brother 2025\u201d, Cinha Jardim deixou no ar a possibilidade de estar a nascer uma nova proximidade inesperada ap\u00f3s o reality.<\/p>\n<p data-end=\"477\" data-start=\"299\"><a href=\"https:\/\/tvi.iol.pt\/bigbrother\/adrielle-peixoto\/nuno-brito\/nao-se-podiam-ver-no-big-brother-mas-agora-estao-cada-vez-mais-cumplices-a-ligacao-que-esta-a-dar-que-falar\" rel=\"nofollow noopener\" target=\"_blank\">\u00abMais \u00e0 vontade foi o Nuno Brito e a que entrou depois com o Lu\u00eds\u2026 a Adrielle [Peixoto]!\u00bb<\/a> \u2014 comentou a veterana, em tom c\u00famplice, acrescentando ainda: <strong>\u00abEu vi-os muito \u00edntimos\u00bb.<\/strong><\/p>\n<p data-end=\"622\" data-is-last-node=\"\" data-is-only-node=\"\" data-start=\"479\">A observa\u00e7\u00e3o surge depois das recentes especula\u00e7\u00f5es em torno de Nuno Brito, que j\u00e1 tinha dado que falar devido \u00e0 liga\u00e7\u00e3o a Lisa dentro do jogo.<\/p>\n<p>Ainda: Ex-concorrentes juntam-se \u00e0 mesa: Nuno Brito janta com Daniela Santo <\/p>\n<p><a href=\"https:\/\/tvi.iol.pt\/bigbrother\/videos\/o-momento-que-quase-passou-despercebido-em-direto-o-que-disse-o-rival-nuno-brito-ao-ouvido-do-grande-vencedor\/686257260cf20ac1d5f33aca\" rel=\"nofollow noopener\" target=\"_blank\">Fora da casa mais vigiada do pa\u00eds h\u00e1 cerca de um m\u00eas, Nuno Brito<\/a>, ex-concorrente do Big Brother 2025, tem vindo a retomar a sua rotina e a refazer a vida longe das c\u00e2maras. Recentemente, voltou a dar que falar ao ser visto na companhia de uma antiga participante de outro reality show da TVI.<\/p>\n<p data-end=\"823\" data-start=\"516\"><a href=\"https:\/\/tvi.iol.pt\/bigbrother\/joao-oliveira\/carolina-nunes\/daniela-santo-surge-em-momento-especial-com-ex-concorrentes-do-big-brother-descubra-quem-sao\" rel=\"nofollow noopener\" target=\"_blank\"><strong>Nuno foi jantar com Daniela Santo<\/strong><\/a>, ex-concorrente do Secret Story 8, o que n\u00e3o passou despercebido aos mais atentos. A ocasi\u00e3o foi registada e partilhada nas redes sociais, levantando alguma curiosidade entre os f\u00e3s de reality shows e reacendendo o interesse em torno da vida pessoal dos ex-participantes.<\/p>\n<p data-end=\"1137\" data-start=\"825\">Embora n\u00e3o tenham participado na mesma edi\u00e7\u00e3o nem no mesmo formato, a liga\u00e7\u00e3o entre ambos parece ter evolu\u00eddo para uma amizade fora dos est\u00fadios da TVI. At\u00e9 ao momento, nenhum dos dois comentou publicamente o encontro, mas a cumplicidade evidente nas imagens gerou coment\u00e1rios e especula\u00e7\u00f5es entre os seguidores.<\/p>\n<p data-end=\"1347\" data-start=\"1139\">Este reencontro entre figuras conhecidas dos reality shows da esta\u00e7\u00e3o mostra que, mesmo depois do fim da experi\u00eancia televisiva, h\u00e1 la\u00e7os \u2014 e afinidades \u2014 que continuam a surgir no universo do entretenimento.<\/p>\n<p data-end=\"1443\" data-start=\"1349\">Ser\u00e1 apenas uma amizade ou o in\u00edcio de algo mais? O tempo \u2014 e talvez as redes sociais \u2014 dir\u00e3o.<\/p>\n<p data-end=\"1443\" data-start=\"1349\"><strong>Veja aqui:<\/strong><\/p>\n<p><img loading=\"lazy\" decoding=\"async\" alt=\"Image\" height=\"212\" src=\"https:\/\/www.europesays.com\/pt\/wp-content\/uploads\/2025\/08\/GuzlXRGXAAACxfO\" width=\"119\"\/><\/p>\n","protected":false},"excerpt":{"rendered":"Cinha Jardim levanta suspeitas sobre nova cumplicidade no \u201cBig Brother 2025\u201d: \u00abVi o Nuno Brito e a Adrielle&hellip;\n","protected":false},"author":2,"featured_media":40591,"comment_status":"","ping_status":"","sticky":false,"template":"","format":"standard","meta":{"footnotes":""},"categories":[142],"tags":[331,48,329,333,328,335,336,114,115,334,332,330,13,32,33,151,162,227],"class_list":{"0":"post-40590","1":"post","2":"type-post","3":"status-publish","4":"format-standard","5":"has-post-thumbnail","7":"category-tv","8":"tag-big","9":"tag-big-brother","10":"tag-claudio-ramos","11":"tag-comentadores","12":"tag-concorrentes","13":"tag-confrontos","14":"tag-discussoes","15":"tag-entertainment","16":"tag-entretenimento","17":"tag-exclusivos","18":"tag-expulso","19":"tag-gala","20":"tag-noticias","21":"tag-portugal","22":"tag-pt","23":"tag-tv","24":"tag-tvi","25":"tag-videos"},"share_on_mastodon":{"url":"","error":""},"_links":{"self":[{"href":"https:\/\/www.europesays.com\/pt\/wp-json\/wp\/v2\/posts\/40590","targetHints":{"allow":["GET"]}}],"collection":[{"href":"https:\/\/www.europesays.com\/pt\/wp-json\/wp\/v2\/posts"}],"about":[{"href":"https:\/\/www.europesays.com\/pt\/wp-json\/wp\/v2\/types\/post"}],"author":[{"embeddable":true,"href":"https:\/\/www.europesays.com\/pt\/wp-json\/wp\/v2\/users\/2"}],"replies":[{"embeddable":true,"href":"https:\/\/www.europesays.com\/pt\/wp-json\/wp\/v2\/comments?post=40590"}],"version-history":[{"count":0,"href":"https:\/\/www.europesays.com\/pt\/wp-json\/wp\/v2\/posts\/40590\/revisions"}],"wp:featuredmedia":[{"embeddable":true,"href":"https:\/\/www.europesays.com\/pt\/wp-json\/wp\/v2\/media\/40591"}],"wp:attachment":[{"href":"https:\/\/www.europesays.com\/pt\/wp-json\/wp\/v2\/media?parent=40590"}],"wp:term":[{"taxonomy":"category","embeddable":true,"href":"https:\/\/www.europesays.com\/pt\/wp-json\/wp\/v2\/categories?post=40590"},{"taxonomy":"post_tag","embeddable":true,"href":"https:\/\/www.europesays.com\/pt\/wp-json\/wp\/v2\/tags?post=40590"}],"curies":[{"name":"wp","href":"https:\/\/api.w.org\/{rel}","templated":true}]}}