{"id":405945,"date":"2026-06-04T09:41:19","date_gmt":"2026-06-04T09:41:19","guid":{"rendered":"https:\/\/www.europesays.com\/pt\/405945\/"},"modified":"2026-06-04T09:41:19","modified_gmt":"2026-06-04T09:41:19","slug":"ines-heredia-fala-abertamente-sobre-separacao-de-gabriela-sobral-e-deixa-garantia","status":"publish","type":"post","link":"https:\/\/www.europesays.com\/pt\/405945\/","title":{"rendered":"In\u00eas Her\u00e9dia fala abertamente sobre separa\u00e7\u00e3o de Gabriela Sobral e deixa garantia!"},"content":{"rendered":"<p><a href=\"https:\/\/selfie.iol.pt\/famosos\/ines-heredia\/ines-heredia-faz-revelacao-posso-arriscar-dizer\/20260603\/6a201ea2d34e28842c84c981\" target=\"_blank\" rel=\"nofollow noopener\">In\u00eas Her\u00e9dia<\/a> atravessa uma fase de leveza e felicidade tremendas, como a pr\u00f3pria vincou em conversa com a imprensa, na passada ter\u00e7a-feira, dia 2, na apresenta\u00e7\u00e3o da nova novela da TVI &#8220;A Madrasta&#8221;.<\/p>\n<p>&#8220;Estou livre, acho eu. Livre enquanto mulher, n\u00e3o tem nada que ver com outras pessoas. Estou presente e, \u00e0s vezes, \u00e9 dif\u00edcil, porque ou estamos presos a uma hist\u00f3ria do passado ou focados no que queremos que aconte\u00e7a. Nas grava\u00e7\u00f5es, estive a viver o que estava a acontecer. Estar presente \u00e9 brutal e acho que est\u00e1 relacionado com a maturidade&#8221;, come\u00e7ou por dizer a atriz.<\/p>\n<p>A artista confidenciou que n\u00e3o \u00e9 a primeira novela que fez desde que se divorciou de Gabriela Sobral. &#8220;Na novela &#8216;A Protegida&#8217; j\u00e1 estava separada, s\u00f3 que ningu\u00e9m sabia&#8221;, referiu.<\/p>\n<p>Em rela\u00e7\u00e3o \u00e0 gest\u00e3o dos filhos, os g\u00e9meos Lu\u00eds e Tom\u00e1s, de sete anos, In\u00eas Her\u00e9dia frisou que se mant\u00e9m tudo &#8220;a mesma coisa&#8221;.<\/p>\n<p>&#8220;\u00c9 um bocadinho a mesma coisa, continuamos completamente na vida uma da outra, somos muito amigas. A Gabi vai l\u00e1 a casa, eu vou \u00e0 casa dela. Temos a coisa bastante organizada&#8221;, garantiu.<\/p>\n<p>J\u00e1 o facto de estar sem eles durante alguns dias &#8220;vai ser estranho para sempre&#8221;. &#8220;Sou obcecada por eles. Gosto de ter uma noite aqui ou acol\u00e1, mas j\u00e1 tinha antes. Eu j\u00e1 conseguia fazer isso antes. Eu nunca olhei para os meus filhos como um peso. Se calhar, uma mulher l\u00e9sbica v\u00ea a coisa de maneira diferente, porque foi preciso tanto para os ter. Claro que, \u00e0s vezes, apetece-me sei l\u00e1 o qu\u00ea, porque, enfim, j\u00e1 est\u00e3o homens, t\u00eam a testosterona a subir [risos], mas tenho consci\u00eancia de que faz parte. E eu tamb\u00e9m sou muito mi\u00fada, rio-me muito com o que dizem, \u00e0s vezes at\u00e9 tenho de virar a cara para me rir. Mas sou muito sargenta. A Gabi \u00e9 muito mais tranquila do que eu&#8221;, contou, ainda.<\/p>\n<p>&#8220;[A separa\u00e7\u00e3o] j\u00e1 foi h\u00e1 dois anos, estou \u00f3tima. J\u00e1 fui, j\u00e1 voltei, j\u00e1 fiz, j\u00e1 aconteci. Estou feliz, n\u00e3o poderia estar melhor&#8221;, findou In\u00eas Her\u00e9dia.<\/p>\n","protected":false},"excerpt":{"rendered":"In\u00eas Her\u00e9dia atravessa uma fase de leveza e felicidade tremendas, como a pr\u00f3pria vincou em conversa com a&hellip;\n","protected":false},"author":2,"featured_media":405946,"comment_status":"","ping_status":"","sticky":false,"template":"","format":"standard","meta":{"footnotes":"","_share_on_mastodon":"0"},"categories":[85],"tags":[50496,114,115,741,980,35835,2440,619,4546,32,33,1012,1509,162],"class_list":["post-405945","post","type-post","status-publish","format-standard","has-post-thumbnail","category-entretenimento","tag-a-madrasta","tag-entertainment","tag-entretenimento","tag-entrevista","tag-famosos","tag-gabriela-sobral","tag-ines-heredia","tag-nacional","tag-novelas-tvi","tag-portugal","tag-pt","tag-selfie","tag-separacao","tag-tvi"],"share_on_mastodon":{"url":"https:\/\/pubeurope.com\/@pt\/116691185579955717","error":""},"_links":{"self":[{"href":"https:\/\/www.europesays.com\/pt\/wp-json\/wp\/v2\/posts\/405945","targetHints":{"allow":["GET"]}}],"collection":[{"href":"https:\/\/www.europesays.com\/pt\/wp-json\/wp\/v2\/posts"}],"about":[{"href":"https:\/\/www.europesays.com\/pt\/wp-json\/wp\/v2\/types\/post"}],"author":[{"embeddable":true,"href":"https:\/\/www.europesays.com\/pt\/wp-json\/wp\/v2\/users\/2"}],"replies":[{"embeddable":true,"href":"https:\/\/www.europesays.com\/pt\/wp-json\/wp\/v2\/comments?post=405945"}],"version-history":[{"count":0,"href":"https:\/\/www.europesays.com\/pt\/wp-json\/wp\/v2\/posts\/405945\/revisions"}],"wp:featuredmedia":[{"embeddable":true,"href":"https:\/\/www.europesays.com\/pt\/wp-json\/wp\/v2\/media\/405946"}],"wp:attachment":[{"href":"https:\/\/www.europesays.com\/pt\/wp-json\/wp\/v2\/media?parent=405945"}],"wp:term":[{"taxonomy":"category","embeddable":true,"href":"https:\/\/www.europesays.com\/pt\/wp-json\/wp\/v2\/categories?post=405945"},{"taxonomy":"post_tag","embeddable":true,"href":"https:\/\/www.europesays.com\/pt\/wp-json\/wp\/v2\/tags?post=405945"}],"curies":[{"name":"wp","href":"https:\/\/api.w.org\/{rel}","templated":true}]}}