{"id":40606,"date":"2025-08-22T18:43:14","date_gmt":"2025-08-22T18:43:14","guid":{"rendered":"https:\/\/www.europesays.com\/pt\/40606\/"},"modified":"2025-08-22T18:43:14","modified_gmt":"2025-08-22T18:43:14","slug":"sporting-recusa-segunda-proposta-do-rennes-por-harder","status":"publish","type":"post","link":"https:\/\/www.europesays.com\/pt\/40606\/","title":{"rendered":"Sporting recusa segunda proposta do Rennes por Harder"},"content":{"rendered":"<p>O Rennes continua a insistir na contrata\u00e7\u00e3o de Conrad Harder, mas para j\u00e1 sem capacidade financeira para convencer o Sporting.<\/p>\n<p>Segundo foi poss\u00edvel saber, o clube franc\u00eas apresentou nas \u00faltimas horas uma segunda oferta pelo avan\u00e7ado dinamarqu\u00eas, ligeiramente superior \u00e0 primeira, mas que a SAD leonina recusou novamente.<\/p>\n<p>Recorde-se que o Sporting deseja receber uma proposta entre 23 e 25 milh\u00f5es de euros, mas o Rennes ainda n\u00e3o passou os 20 milh\u00f5es.<\/p>\n<p>Conrad Harder, como <strong><a href=\"https:\/\/maisfutebol.iol.pt\/transferencias\/sporting\/sporting-recusa-proposta-do-rennes-por-conrad-harder\" rel=\"nofollow noopener\" target=\"_blank\">o Maisfutebol j\u00e1 escreveu<\/a><\/strong>, deseja mudar de ares. J\u00e1 o Sporting tamb\u00e9m n\u00e3o fecha tamb\u00e9m as portas a uma sa\u00edda e por isso as negocia\u00e7\u00f5es podem prosseguir.<\/p>\n","protected":false},"excerpt":{"rendered":"O Rennes continua a insistir na contrata\u00e7\u00e3o de Conrad Harder, mas para j\u00e1 sem capacidade financeira para convencer&hellip;\n","protected":false},"author":2,"featured_media":40607,"comment_status":"","ping_status":"","sticky":false,"template":"","format":"standard","meta":{"footnotes":"","_share_on_mastodon":"0"},"categories":[8],"tags":[27,28,4929,15,16,208,1065,14,25,26,36,21,22,46,42,41,12,13,19,20,32,23,24,33,47,12066,34,17,18,35,29,30,31],"class_list":["post-40606","post","type-post","status-publish","format-standard","has-post-thumbnail","category-principais-noticias","tag-breaking-news","tag-breakingnews","tag-conrad-harder","tag-featured-news","tag-featurednews","tag-franca","tag-harder","tag-headlines","tag-latest-news","tag-latestnews","tag-liga","tag-main-news","tag-mainnews","tag-maisfutebol","tag-mercado","tag-mercado-de-transferencias","tag-news","tag-noticias","tag-noticias-principais","tag-noticiasprincipais","tag-portugal","tag-principais-noticias","tag-principaisnoticias","tag-pt","tag-pura-paixao","tag-rennes","tag-sporting","tag-top-stories","tag-topstories","tag-transferencias","tag-ultimas","tag-ultimas-noticias","tag-ultimasnoticias"],"share_on_mastodon":{"url":"","error":""},"_links":{"self":[{"href":"https:\/\/www.europesays.com\/pt\/wp-json\/wp\/v2\/posts\/40606","targetHints":{"allow":["GET"]}}],"collection":[{"href":"https:\/\/www.europesays.com\/pt\/wp-json\/wp\/v2\/posts"}],"about":[{"href":"https:\/\/www.europesays.com\/pt\/wp-json\/wp\/v2\/types\/post"}],"author":[{"embeddable":true,"href":"https:\/\/www.europesays.com\/pt\/wp-json\/wp\/v2\/users\/2"}],"replies":[{"embeddable":true,"href":"https:\/\/www.europesays.com\/pt\/wp-json\/wp\/v2\/comments?post=40606"}],"version-history":[{"count":0,"href":"https:\/\/www.europesays.com\/pt\/wp-json\/wp\/v2\/posts\/40606\/revisions"}],"wp:featuredmedia":[{"embeddable":true,"href":"https:\/\/www.europesays.com\/pt\/wp-json\/wp\/v2\/media\/40607"}],"wp:attachment":[{"href":"https:\/\/www.europesays.com\/pt\/wp-json\/wp\/v2\/media?parent=40606"}],"wp:term":[{"taxonomy":"category","embeddable":true,"href":"https:\/\/www.europesays.com\/pt\/wp-json\/wp\/v2\/categories?post=40606"},{"taxonomy":"post_tag","embeddable":true,"href":"https:\/\/www.europesays.com\/pt\/wp-json\/wp\/v2\/tags?post=40606"}],"curies":[{"name":"wp","href":"https:\/\/api.w.org\/{rel}","templated":true}]}}