{"id":406135,"date":"2026-06-04T13:04:51","date_gmt":"2026-06-04T13:04:51","guid":{"rendered":"https:\/\/www.europesays.com\/pt\/406135\/"},"modified":"2026-06-04T13:04:51","modified_gmt":"2026-06-04T13:04:51","slug":"lista-completa-dos-proximos-filmes-e-series-da-marvel-veja-as-datas-de-estreia-do-mcu","status":"publish","type":"post","link":"https:\/\/www.europesays.com\/pt\/406135\/","title":{"rendered":"Lista completa dos pr\u00f3ximos filmes e s\u00e9ries da Marvel: veja as datas de estreia do MCU"},"content":{"rendered":"<p>Depois de um 2025 bem agitado, o calend\u00e1rio da <strong>Marvel <\/strong>para os pr\u00f3ximos meses finalmente come\u00e7a a ganhar forma, principalmente depois da chegada do novo Quarteto Fant\u00e1stico e outras produ\u00e7\u00f5es importantes. Entre as produ\u00e7\u00f5es mais aguardados de 2026 para o MCU, est\u00e3o <strong>Homem-Aranha: Um Novo Dia<\/strong> e <strong>Vingadores: Doutor Destino<\/strong>, mas al\u00e9m dos filmes nos cinemas, tamb\u00e9m tem as <a class=\"lib tg-lib\" href=\"https:\/\/www.oficinadanet.com.br\/netflix\/23416-as-40-melhores-series-para-assistir-na-netflix-em-2018\" rel=\"nofollow noopener\" target=\"_blank\">s\u00e9ries<\/a> que devem chegar ao Disney+.<\/p>\n<p>Algumas j\u00e1 estrearam neste ano, enquanto outras ainda est\u00e3o previstas para os pr\u00f3ximos meses. Abaixo, veja as datas dos pr\u00f3ximos filmes e s\u00e9ries da <a class=\"lib tg-lib\" href=\"https:\/\/www.oficinadanet.com.br\/disney-plus\/35690-qual-a-ordem-certa-para-assistir-os-filmes-da-marvel\" rel=\"nofollow noopener\" target=\"_blank\">Marvel<\/a> confirmados at\u00e9 agora, al\u00e9m de um resumo do que j\u00e1 saiu em 2026.<\/p>\n<p>Pr\u00f3ximos filmes da Marvel<br \/>\nHomem-Aranha: Um Novo Dia<\/p>\n<p>            &#13;<br \/>\n                    &#13;<br \/>\n                        &#13;<br \/>\n                        &#13;<br \/>\n                        &#13;<br \/>\n                        &#13;<br \/>\n                        <img decoding=\"async\" loading=\"lazy\" width=\"330\" height=\"186\" src=\"https:\/\/www.europesays.com\/pt\/wp-content\/uploads\/2026\/06\/homem-aranha-um-novo-dia.jpg\"  alt=\"Homem-Aranha: Um Novo Dia\" title=\"Homem-Aranha: Um Novo Dia\"\/>&#13;<br \/>\n                    Homem-Aranha: Um Novo Dia&#13;<\/p>\n<ul>\n<li><strong>Data de estreia:<\/strong> 31 de julho de 2026<\/li>\n<li><strong>Onde assistir:<\/strong> cinemas<\/li>\n<\/ul>\n<p>O pr\u00f3ximo <a class=\"lib tg-lib\" href=\"https:\/\/www.oficinadanet.com.br\/netflix2018\/23817-os-melhores-filmes-para-assistir-na-netflix-em-2018\" rel=\"nofollow noopener\" target=\"_blank\">filme<\/a> do Homem-Aranha com Tom Holland j\u00e1 tem data marcada. <strong>Homem-Aranha: Um Novo Dia<\/strong> estreia nos cinemas em <strong>31 de julho de 2026<\/strong> e deve mostrar Peter Parker em uma nova fase ap\u00f3s os acontecimentos de <strong>Homem-Aranha: Sem Volta Para Casa<\/strong>.<\/p>\n<p>Na sinopse divulgada pela Marvel, Peter aparece sozinho, combatendo o crime em uma Nova York que n\u00e3o se lembra mais de sua identidade. O filme tem dire\u00e7\u00e3o de Destin Daniel Cretton, conhecido por Shang-Chi e a Lenda dos Dez An\u00e9is.<\/p>\n<p>Vingadores: Doutor Destino<\/p>\n<p>            &#13;<br \/>\n                    &#13;<br \/>\n                        &#13;<br \/>\n                        &#13;<br \/>\n                        &#13;<br \/>\n                        &#13;<br \/>\n                        <img decoding=\"async\" loading=\"lazy\" width=\"330\" height=\"186\" src=\"https:\/\/www.europesays.com\/pt\/wp-content\/uploads\/2026\/06\/vingadores-doutor-destino.jpg\"  alt=\"Vingadores: Doutor Destino\" title=\"Vingadores: Doutor Destino\"\/>&#13;<br \/>\n                    Vingadores: Doutor Destino&#13;<\/p>\n<ul>\n<li><strong>Data de estreia:<\/strong> 18 de dezembro de 2026<\/li>\n<li><strong>Onde assistir:<\/strong> cinemas<\/li>\n<\/ul>\n<p>O grande evento da Marvel em 2026 ser\u00e1 Avengers: Doomsday, novo filme dos Vingadores que estreia em <strong>18 de dezembro de 2026<\/strong>. O longa ter\u00e1 dire\u00e7\u00e3o de Joe e Anthony Russo, dupla respons\u00e1vel por Vingadores: Guerra Infinita e Vingadores: Ultimato.<\/p>\n<p>O filme tamb\u00e9m marca o retorno de <strong>Robert Downey Jr.<\/strong> ao MCU, agora em um novo papel: <strong>Victor von Doom<\/strong>, o Doutor Destino. A produ\u00e7\u00e3o deve ser o primeiro grande cap\u00edtulo do encerramento da Saga do Multiverso.<\/p>\n<p>Vingadores: Guerras Secretas<\/p>\n<p>            &#13;<br \/>\n                    &#13;<br \/>\n                        &#13;<br \/>\n                        &#13;<br \/>\n                        &#13;<br \/>\n                        &#13;<br \/>\n                        <img decoding=\"async\" loading=\"lazy\" width=\"330\" height=\"186\" src=\"https:\/\/www.europesays.com\/pt\/wp-content\/uploads\/2026\/06\/vingadores-guerras-secretas.jpg\"  alt=\"Vingadores: Guerras Secretas\" title=\"Vingadores: Guerras Secretas\"\/>&#13;<br \/>\n                    Vingadores: Guerras Secretas&#13;<\/p>\n<ul>\n<li><strong>Data de estreia:<\/strong> 17 de dezembro de 2027<br \/><strong\/><\/li>\n<li><strong>Onde assistir:<\/strong> cinemas<\/li>\n<\/ul>\n<p>Depois de <strong>Doomsday<\/strong>, a Marvel prepara <strong>Vingadores: Guerras Secretas<\/strong>, previsto para <strong>17 de dezembro de 2027<\/strong>. O filme tamb\u00e9m ser\u00e1 dirigido pelos irm\u00e3os Russo e deve funcionar como o grande fechamento da atual fase multiversal do MCU.<\/p>\n<p>Ainda h\u00e1 poucos detalhes oficiais sobre a hist\u00f3ria, mas a expectativa \u00e9 que o longa re\u00fana diferentes n\u00facleos do universo Marvel em uma escala parecida, ou at\u00e9 maior, que a de <strong>Ultimato<\/strong>.<\/p>\n<p>Pr\u00f3ximas s\u00e9ries da Marvel<br \/>\nX-Men \u201997 \u2014 2\u00aa temporada<\/p>\n<p>            &#13;<br \/>\n                    &#13;<br \/>\n                        &#13;<br \/>\n                        &#13;<br \/>\n                        &#13;<br \/>\n                        &#13;<br \/>\n                        <img decoding=\"async\" loading=\"lazy\" width=\"330\" height=\"186\" src=\"https:\/\/www.europesays.com\/pt\/wp-content\/uploads\/2026\/06\/x-men-97-2a-temporada.jpg\"  alt=\"X-Men 97 \u2014 2\u00aa temporada\" title=\"X-Men 97 \u2014 2\u00aa temporada\"\/>&#13;<br \/>\n                    X-Men \u201997 \u2014 2\u00aa temporada&#13;<\/p>\n<ul>\n<li><strong>Data de estreia:<\/strong> 1\u00ba de julho de 2026<\/li>\n<li><strong>Onde assistir:<\/strong> Disney+<\/li>\n<\/ul>\n<p>A segunda temporada de <strong>X-Men \u201997<\/strong> estreia no Disney+ em <strong>1\u00ba de julho de 2026<\/strong>. A anima\u00e7\u00e3o continua a hist\u00f3ria da equipe mutante ap\u00f3s os eventos da primeira temporada, com os X-Men divididos e espalhados por diferentes per\u00edodos do tempo.<\/p>\n<p>Embora <strong>X-Men \u201997<\/strong> n\u00e3o siga exatamente a mesma linha principal dos filmes do MCU, a s\u00e9rie \u00e9 hoje uma das produ\u00e7\u00f5es mais importantes da Marvel Animation e mant\u00e9m viva a conex\u00e3o emocional dos f\u00e3s com os mutantes.<\/p>\n<p>VisionQuest<\/p>\n<p>            &#13;<br \/>\n                    &#13;<br \/>\n                        &#13;<br \/>\n                        &#13;<br \/>\n                        &#13;<br \/>\n                        &#13;<br \/>\n                        <img decoding=\"async\" loading=\"lazy\" width=\"330\" height=\"186\" src=\"https:\/\/www.europesays.com\/pt\/wp-content\/uploads\/2026\/06\/visionquest.jpg\"  alt=\"VisionQuest\" title=\"VisionQuest\"\/>&#13;<br \/>\n                    VisionQuest&#13;<\/p>\n<ul>\n<li><strong>Data de estreia:<\/strong> 14 de outubro de 2026<\/li>\n<li><strong>Onde assistir:<\/strong> Disney+<\/li>\n<\/ul>\n<p><strong>VisionQuest<\/strong> estreia em <strong>14 de outubro de 2026<\/strong> no Disney+ e deve continuar a hist\u00f3ria do Vis\u00e3o Branco ap\u00f3s os eventos de <strong>WandaVision<\/strong>. A s\u00e9rie ter\u00e1 <strong>Paul Bettany<\/strong> novamente no papel principal e tamb\u00e9m conta com nomes como <strong>James Spader<\/strong>, que retorna como Ultron.<\/p>\n<p>A produ\u00e7\u00e3o \u00e9 tratada como o encerramento de uma trilogia iniciada em <strong>WandaVision<\/strong> e continuada em <strong>Agatha All Along<\/strong>, colocando o Vis\u00e3o de volta ao centro de uma trama sobre identidade, mem\u00f3ria e legado.<\/p>\n<p>Demolidor: Renascido \u2014 3\u00aa temporada<\/p>\n<p>            &#13;<br \/>\n                    &#13;<br \/>\n                        &#13;<br \/>\n                        &#13;<br \/>\n                        &#13;<br \/>\n                        &#13;<br \/>\n                        <img decoding=\"async\" loading=\"lazy\" width=\"330\" height=\"186\" src=\"https:\/\/www.europesays.com\/pt\/wp-content\/uploads\/2026\/06\/demolidor-renascido-3a-temporada.jpg\"  alt=\"Demolidor: Renascido \u2014 3\u00aa temporada\" title=\"Demolidor: Renascido \u2014 3\u00aa temporada\"\/>&#13;<br \/>\n                    Demolidor: Renascido \u2014 3\u00aa temporada&#13;<\/p>\n<ul>\n<li><strong>Data de estreia:<\/strong> ainda sem data definida<br \/><strong\/><\/li>\n<li><strong>Onde assistir:<\/strong> Disney+<\/li>\n<\/ul>\n<p>A Marvel j\u00e1 lista a terceira temporada de <strong>Demolidor <\/strong>entre seus pr\u00f3ximos projetos para o Disney+. Por enquanto, por\u00e9m, ainda n\u00e3o h\u00e1 uma data exata de estreia.<\/p>\n<p>A s\u00e9rie segue a fase de Matt Murdock dentro do MCU, agora com uma abordagem mais madura e urbana. Depois da segunda temporada, a expectativa \u00e9 que a rivalidade entre o Demolidor e Wilson Fisk continue sendo o eixo central da hist\u00f3ria.<\/p>\n<p>Magnum \u2014 2\u00aa temporada<\/p>\n<p>            &#13;<br \/>\n                    &#13;<br \/>\n                        &#13;<br \/>\n                        &#13;<br \/>\n                        &#13;<br \/>\n                        &#13;<br \/>\n                        <img decoding=\"async\" loading=\"lazy\" width=\"330\" height=\"186\" src=\"https:\/\/www.europesays.com\/pt\/wp-content\/uploads\/2026\/06\/magnum-2a-temporada.jpg\"  alt=\"Magnum \u2014 2\u00aa temporada\" title=\"Magnum \u2014 2\u00aa temporada\"\/>&#13;<br \/>\n                    Magnum \u2014 2\u00aa temporada&#13;<\/p>\n<ul>\n<li><strong>Data de estreia:<\/strong> ainda sem data definida<br \/><strong\/><\/li>\n<li><strong>Onde assistir:<\/strong> Disney+<\/li>\n<\/ul>\n<p>Wonder Man, que no Brasil ficou conhecido por <strong>Magnum<\/strong>, tamb\u00e9m j\u00e1 aparece entre as pr\u00f3ximas produ\u00e7\u00f5es da Marvel no Disney+. A segunda temporada ainda n\u00e3o tem dia definido, mas a s\u00e9rie j\u00e1 foi colocada pela Marvel entre os t\u00edtulos futuros.<\/p>\n<p>A produ\u00e7\u00e3o acompanha <strong>Simon Williams<\/strong>, vivido por <strong>Yahya Abdul-Mateen II<\/strong>, em uma hist\u00f3ria que mistura super-her\u00f3is, bastidores de Hollywood e humor metalingu\u00edstico dentro do MCU.<\/p>\n<p>Seu Amig\u00e3o da Vizinhan\u00e7a Homem-Aranha \u2014 2\u00aa temporada<\/p>\n<p>            &#13;<br \/>\n                    &#13;<br \/>\n                        &#13;<br \/>\n                        &#13;<br \/>\n                        &#13;<br \/>\n                        &#13;<br \/>\n                        <img decoding=\"async\" loading=\"lazy\" width=\"330\" height=\"186\" src=\"https:\/\/www.europesays.com\/pt\/wp-content\/uploads\/2026\/06\/seu-amigao-da-vizinhanca-homem-aranha-2a-temporada.jpg\"  alt=\"Seu Amig\u00e3o da Vizinhan\u00e7a Homem-Aranha \u2014 2\u00aa temporada\" title=\"Seu Amig\u00e3o da Vizinhan\u00e7a Homem-Aranha \u2014 2\u00aa temporada\"\/>&#13;<br \/>\n                    Seu Amig\u00e3o da Vizinhan\u00e7a Homem-Aranha \u2014 2\u00aa temporada&#13;<\/p>\n<ul>\n<li><strong>Data de estreia:<\/strong> ainda sem data definida<\/li>\n<li><strong>Onde assistir:<\/strong> Disney+<\/li>\n<\/ul>\n<p>Outra produ\u00e7\u00e3o aguardada \u00e9 a segunda temporada de <strong>Seu Amig\u00e3o da Vizinhan\u00e7a Homem-Aranha<\/strong>, anima\u00e7\u00e3o focada no universo do Homem-Aranha. A Marvel lista a nova temporada para 2026, mas ainda n\u00e3o confirmou o dia exato de lan\u00e7amento.<\/p>\n<p>O que j\u00e1 saiu da Marvel em 2026?<\/p>\n<p>Antes dos pr\u00f3ximos lan\u00e7amentos, a Marvel j\u00e1 colocou algumas produ\u00e7\u00f5es importantes no ar em 2026. Veja o que j\u00e1 estreou neste ano:<\/p>\n<p>Magnum<\/p>\n<p>            &#13;<br \/>\n                    &#13;<br \/>\n                        &#13;<br \/>\n                        &#13;<br \/>\n                        &#13;<br \/>\n                        &#13;<br \/>\n                        <img decoding=\"async\" loading=\"lazy\" width=\"330\" height=\"186\" src=\"https:\/\/www.europesays.com\/pt\/wp-content\/uploads\/2026\/06\/magnum.jpg\"  alt=\"Magnum\" title=\"Magnum\"\/>&#13;<br \/>\n                    Magnum&#13;<\/p>\n<ul>\n<li><strong>Estreia:<\/strong> 27 de janeiro de 2026<br \/><strong\/><\/li>\n<li><strong>Onde assistir:<\/strong> Disney+<\/li>\n<\/ul>\n<p>A primeira temporada de <strong>Magnum<\/strong> estreou em janeiro no Disney+. A s\u00e9rie apresentou <strong>Simon Williams<\/strong>, um ator tentando encontrar seu espa\u00e7o em Hollywood enquanto se envolve com o universo dos super-her\u00f3is.<\/p>\n<p>Com <strong>Yahya Abdul-Mateen II<\/strong> no papel principal e <strong>Ben Kingsley<\/strong> de volta como Trevor Slattery, a produ\u00e7\u00e3o apostou em um tom diferente dentro do MCU, olhando para a ind\u00fastria do entretenimento por dentro.<\/p>\n<p>Demolidor: Renascido \u2014 2\u00aa temporada<\/p>\n<p>            &#13;<br \/>\n                    &#13;<br \/>\n                        &#13;<br \/>\n                        &#13;<br \/>\n                        &#13;<br \/>\n                        &#13;<br \/>\n                        <img decoding=\"async\" loading=\"lazy\" width=\"330\" height=\"186\" src=\"https:\/\/www.europesays.com\/pt\/wp-content\/uploads\/2026\/06\/demolidor-renascido-2a-temporada.jpg\"  alt=\"Demolidor: Renascido \u2014 2\u00aa temporada\" title=\"Demolidor: Renascido \u2014 2\u00aa temporada\"\/>&#13;<br \/>\n                    Demolidor: Renascido \u2014 2\u00aa temporada&#13;<\/p>\n<ul>\n<li><strong>Estreia:<\/strong> 24 de mar\u00e7o de 2026<br \/><strong\/><\/li>\n<li><strong>Onde assistir:<\/strong> Disney+<\/li>\n<\/ul>\n<p>A segunda temporada de <strong>Daredevil: Born Again<\/strong> chegou ao Disney+ em mar\u00e7o. A nova leva de epis\u00f3dios colocou Matt Murdock novamente contra Wilson Fisk, agora com o Rei do Crime exercendo poder pol\u00edtico em Nova York.<\/p>\n<p>A s\u00e9rie manteve o clima mais adulto e violento do universo do Demolidor, trazendo de volta personagens conhecidos e ampliando o lado urbano do MCU.<\/p>\n<p>O Justiceiro: Uma \u00daltima Morte<\/p>\n<p>            &#13;<br \/>\n                    &#13;<br \/>\n                        &#13;<br \/>\n                        &#13;<br \/>\n                        &#13;<br \/>\n                        &#13;<br \/>\n                        <img decoding=\"async\" loading=\"lazy\" width=\"330\" height=\"186\" src=\"https:\/\/www.europesays.com\/pt\/wp-content\/uploads\/2026\/06\/o-justiceiro-uma-ultima-morte.jpg\"  alt=\"O Justiceiro: Uma \u00daltima Morte\" title=\"O Justiceiro: Uma \u00daltima Morte\"\/>&#13;<br \/>\n                    O Justiceiro: Uma \u00daltima Morte&#13;<\/p>\n<ul>\n<li><strong>Estreia:<\/strong> 12 de maio de 2026<br \/><strong\/><\/li>\n<li><strong>Onde assistir:<\/strong> Disney+<\/li>\n<\/ul>\n<p>Em maio, a Marvel lan\u00e7ou <strong>The Punisher: One Last Kill<\/strong>, apresenta\u00e7\u00e3o especial focada em Frank Castle. A produ\u00e7\u00e3o trouxe <strong>Jon Bernthal<\/strong> novamente como o Justiceiro, em uma hist\u00f3ria sobre vingan\u00e7a, viol\u00eancia e o peso das escolhas do personagem.<\/p>\n<p>O especial refor\u00e7a a presen\u00e7a do n\u00facleo mais sombrio da Marvel no Disney+, especialmente ap\u00f3s o retorno de personagens como Demolidor e Justiceiro ao centro das produ\u00e7\u00f5es recentes.<\/p>\n<p>O que esperar da Marvel daqui para frente?<\/p>\n<p>O calend\u00e1rio mostra que a Marvel est\u00e1 concentrando seus esfor\u00e7os em, primeiro ter retorno dos grandes eventos nos cinemas, segundo, a consolida\u00e7\u00e3o dos personagens urbanos no Disney+ e a, por \u00faltimo, a expans\u00e3o dos mutantes em anima\u00e7\u00e3o.<\/p>\n<p><strong>Homem-Aranha: Um Novo Dia<\/strong> deve abrir uma nova fase para Peter Parker, enquanto <strong>Vingadores: Doutor Destino<\/strong> promete recolocar os Vingadores no centro do MCU. J\u00e1 <strong>VisionQuest<\/strong> pode fechar uma das hist\u00f3rias mais importantes iniciadas no Disney+, ao mesmo tempo em que prepara terreno para novas conex\u00f5es com <a class=\"lib tg-lib\" href=\"https:\/\/www.oficinadanet.com.br\/inteligencia-artificial\" rel=\"nofollow noopener\" target=\"_blank\">intelig\u00eancia artificial<\/a>, Ultron e o legado do Vis\u00e3o.<\/p>\n","protected":false},"excerpt":{"rendered":"Depois de um 2025 bem agitado, o calend\u00e1rio da Marvel para os pr\u00f3ximos meses finalmente come\u00e7a a ganhar&hellip;\n","protected":false},"author":2,"featured_media":406136,"comment_status":"","ping_status":"","sticky":false,"template":"","format":"standard","meta":{"footnotes":"","_share_on_mastodon":"0"},"categories":[140],"tags":[11126,470,7539,1579,114,115,147,148,5814,792,146,32,33,941,940,6386],"class_list":["post-406135","post","type-post","status-publish","format-standard","has-post-thumbnail","category-filmes","tag-artigos","tag-cinema","tag-disney-plus","tag-disney","tag-entertainment","tag-entretenimento","tag-film","tag-filmes","tag-homem-aranha","tag-marvel","tag-movies","tag-portugal","tag-pt","tag-series","tag-streaming","tag-vingadores"],"share_on_mastodon":{"url":"https:\/\/pubeurope.com\/@pt\/116691988372245845","error":""},"_links":{"self":[{"href":"https:\/\/www.europesays.com\/pt\/wp-json\/wp\/v2\/posts\/406135","targetHints":{"allow":["GET"]}}],"collection":[{"href":"https:\/\/www.europesays.com\/pt\/wp-json\/wp\/v2\/posts"}],"about":[{"href":"https:\/\/www.europesays.com\/pt\/wp-json\/wp\/v2\/types\/post"}],"author":[{"embeddable":true,"href":"https:\/\/www.europesays.com\/pt\/wp-json\/wp\/v2\/users\/2"}],"replies":[{"embeddable":true,"href":"https:\/\/www.europesays.com\/pt\/wp-json\/wp\/v2\/comments?post=406135"}],"version-history":[{"count":0,"href":"https:\/\/www.europesays.com\/pt\/wp-json\/wp\/v2\/posts\/406135\/revisions"}],"wp:featuredmedia":[{"embeddable":true,"href":"https:\/\/www.europesays.com\/pt\/wp-json\/wp\/v2\/media\/406136"}],"wp:attachment":[{"href":"https:\/\/www.europesays.com\/pt\/wp-json\/wp\/v2\/media?parent=406135"}],"wp:term":[{"taxonomy":"category","embeddable":true,"href":"https:\/\/www.europesays.com\/pt\/wp-json\/wp\/v2\/categories?post=406135"},{"taxonomy":"post_tag","embeddable":true,"href":"https:\/\/www.europesays.com\/pt\/wp-json\/wp\/v2\/tags?post=406135"}],"curies":[{"name":"wp","href":"https:\/\/api.w.org\/{rel}","templated":true}]}}