{"id":40615,"date":"2025-08-22T18:49:14","date_gmt":"2025-08-22T18:49:14","guid":{"rendered":"https:\/\/www.europesays.com\/pt\/40615\/"},"modified":"2025-08-22T18:49:14","modified_gmt":"2025-08-22T18:49:14","slug":"atriz-de-star-wars-katee-sackhoff-nao-entendeu-a-sua-personagem-em-the-mandalorian","status":"publish","type":"post","link":"https:\/\/www.europesays.com\/pt\/40615\/","title":{"rendered":"Atriz de Star Wars Katee Sackhoff n\u00e3o entendeu a sua personagem em The Mandalorian"},"content":{"rendered":"<p>O universo Star Wars continua a dar que falar, mas desta vez fora dos holofotes de uma gal\u00e1xia muito, muito distante. Katee Sackhoff, atriz respons\u00e1vel por dar vida a Bo-Katan Kryze em The Mandalorian, revelou que a experi\u00eancia na s\u00e9rie teve um impacto profundo na sua carreira e at\u00e9 na sua autoconfian\u00e7a. Apesar do enorme sucesso da produ\u00e7\u00e3o da Disney+, Sackhoff admitiu que interpretar a mandaloriana deixou-a praticamente incapaz de trabalhar durante v\u00e1rios anos.<\/p>\n<p>Sackhoff, conhecida dos f\u00e3s por ter dado voz a Bo-Katan em Star Wars: The Clone Wars, Star Wars: Rebels e Tales of the Empire, regressou em formato live-action em The Mandalorian. Primeiro como convidada na segunda temporada, a sua personagem ganhou mais destaque na terceira \u2014 embora ainda n\u00e3o haja certezas sobre o seu futuro na saga.<\/p>\n<p>&#8220;Perdi toda a minha confian\u00e7a depois de The Mandalorian, toda&#8221;, confessou Sackhoff num v\u00eddeo publicado no seu canal de <a href=\"https:\/\/youtu.be\/iktFxfDxUpo\" rel=\"noopener nofollow\" target=\"_blank\">YouTube<\/a>. &#8220;O meu estilo de interpreta\u00e7\u00e3o sempre foi confiar no instinto: a primeira rea\u00e7\u00e3o \u00e9 a certa, viver a realidade da situa\u00e7\u00e3o. Mas com Bo-Katan foi diferente. Nunca senti que ela fosse parte de mim, nunca a consegui encontrar dentro de mim.&#8221;<\/p>\n<p>A atriz explicou que, ao contr\u00e1rio de outros pap\u00e9is em que sempre encontrou pontos de liga\u00e7\u00e3o com a sua pr\u00f3pria vida, Bo-Katan parecia distante. &#8220;A vida dela, o que ela quer, eu n\u00e3o entendia. N\u00e3o me identificava. Isso quebrou-me&#8221;, disse Sackhoff. &#8220;Comecei a duvidar de tudo em mim. N\u00e3o conseguia entrar em novos projetos, e durante tr\u00eas anos praticamente n\u00e3o trabalhei. Destruiu a minha confian\u00e7a.&#8221;<\/p>\n<p>Estas declara\u00e7\u00f5es ganham ainda mais peso tendo em conta que Sackhoff interpreta Bo-Katan desde 2012, ainda que apenas em voz nas produ\u00e7\u00f5es animadas. O salto para live-action acabou por trazer desafios inesperados.<\/p>\n<p>Por agora, ainda n\u00e3o se sabe se a veremos novamente no universo Star Wars. O pr\u00f3ximo passo confirmado para a saga ser\u00e1 <a href=\"https:\/\/pt.ign.com\/the-mandalorian-grogu\" rel=\"nofollow noopener\" target=\"_blank\">The Mandalorian &amp; Grogu<\/a>, o filme que dar\u00e1 continuidade \u00e0 hist\u00f3ria da s\u00e9rie. Existe, no entanto, a possibilidade de Sackhoff regressar no futuro para o filme de Dave Filoni, que ir\u00e1 unir personagens de The Mandalorian e Ahsoka.<\/p>\n<p>Enquanto isso, a atriz prepara-se para entrar noutro universo ic\u00f3nico: Katee Sackhoff vai protagonizar a nova adapta\u00e7\u00e3o de Carrie, cl\u00e1ssico de terror de Stephen King, numa s\u00e9rie da Amazon Prime desenvolvida por Mike Flanagan, respons\u00e1vel por sucessos como Midnight Mass e The Haunting of Hill House.<\/p>\n","protected":false},"excerpt":{"rendered":"O universo Star Wars continua a dar que falar, mas desta vez fora dos holofotes de uma gal\u00e1xia&hellip;\n","protected":false},"author":2,"featured_media":40616,"comment_status":"","ping_status":"","sticky":false,"template":"","format":"standard","meta":{"footnotes":""},"categories":[140],"tags":[114,115,147,148,146,32,33],"class_list":{"0":"post-40615","1":"post","2":"type-post","3":"status-publish","4":"format-standard","5":"has-post-thumbnail","7":"category-filmes","8":"tag-entertainment","9":"tag-entretenimento","10":"tag-film","11":"tag-filmes","12":"tag-movies","13":"tag-portugal","14":"tag-pt"},"share_on_mastodon":{"url":"","error":""},"_links":{"self":[{"href":"https:\/\/www.europesays.com\/pt\/wp-json\/wp\/v2\/posts\/40615","targetHints":{"allow":["GET"]}}],"collection":[{"href":"https:\/\/www.europesays.com\/pt\/wp-json\/wp\/v2\/posts"}],"about":[{"href":"https:\/\/www.europesays.com\/pt\/wp-json\/wp\/v2\/types\/post"}],"author":[{"embeddable":true,"href":"https:\/\/www.europesays.com\/pt\/wp-json\/wp\/v2\/users\/2"}],"replies":[{"embeddable":true,"href":"https:\/\/www.europesays.com\/pt\/wp-json\/wp\/v2\/comments?post=40615"}],"version-history":[{"count":0,"href":"https:\/\/www.europesays.com\/pt\/wp-json\/wp\/v2\/posts\/40615\/revisions"}],"wp:featuredmedia":[{"embeddable":true,"href":"https:\/\/www.europesays.com\/pt\/wp-json\/wp\/v2\/media\/40616"}],"wp:attachment":[{"href":"https:\/\/www.europesays.com\/pt\/wp-json\/wp\/v2\/media?parent=40615"}],"wp:term":[{"taxonomy":"category","embeddable":true,"href":"https:\/\/www.europesays.com\/pt\/wp-json\/wp\/v2\/categories?post=40615"},{"taxonomy":"post_tag","embeddable":true,"href":"https:\/\/www.europesays.com\/pt\/wp-json\/wp\/v2\/tags?post=40615"}],"curies":[{"name":"wp","href":"https:\/\/api.w.org\/{rel}","templated":true}]}}