{"id":40621,"date":"2025-08-22T18:52:14","date_gmt":"2025-08-22T18:52:14","guid":{"rendered":"https:\/\/www.europesays.com\/pt\/40621\/"},"modified":"2025-08-22T18:52:14","modified_gmt":"2025-08-22T18:52:14","slug":"brent-hinds-ex-guitarrista-e-vocalista-dos-mastodon-morre-em-acidente-nos-eua-musica","status":"publish","type":"post","link":"https:\/\/www.europesays.com\/pt\/40621\/","title":{"rendered":"Brent Hinds, ex-guitarrista e vocalista dos Mastodon, morre em acidente nos EUA | M\u00fasica"},"content":{"rendered":"<p>O antigo guitarrista e vocalista da banda Mastodon Brent Hinds morreu, na quarta-feira, num acidente de via\u00e7\u00e3o, confirmou esta quinta-feira o grupo do qual o m\u00fasico tinha sa\u00eddo em Mar\u00e7o.<\/p>\n<p>&#8220;Estamos num estado de inimagin\u00e1vel tristeza e dor. Ontem \u00e0 noite, Brent Hinds morreu em resultado de um acidente tr\u00e1gico. Estamos de cora\u00e7\u00f5es partidos, em choque e ainda a tentar processar a perda desta for\u00e7a criativa com quem partilh\u00e1mos tantos triunfos, marcos e a cria\u00e7\u00e3o da m\u00fasica que tocou os cora\u00e7\u00f5es de tantos&#8221;, pode ler-se na mensagem publicada nas redes sociais da banda.<\/p>\n<p>A banda foi fundada em 2000 na cidade norte-americana de Atlanta quando os quatro elementos (Brann Dailor, Bill Kelliher, Troy Sanders e Brent Hinds) se conheceram num concerto de High on Fire.<\/p>\n<p>Em 2001, lan\u00e7aram o EP Lifesblood pela editora Relapse, a que se seguiu Remission, que rapidamente ganhou popularidade e os lan\u00e7ou para os trabalhos que viriam a seguir, como Leviathan. A forma\u00e7\u00e3o da banda manteve-se est\u00e1vel at\u00e9 ao an\u00fancio da sa\u00edda de Hinds, em Mar\u00e7o, que foi descrita como &#8220;por m\u00fatuo acordo&#8221;. Em 2015, o m\u00fasico chegou a dizer que &#8220;nunca tinha gostado de heavy metal&#8221; e n\u00e3o queria fazer parte de uma banda do g\u00e9nero.<\/p>\n<p>Esta quinta-feira, multiplicaram-se as reac\u00e7\u00f5es de pesar nas redes sociais, a come\u00e7ar pela Relapse, que sublinhou, numa mensagem assinada pelo respons\u00e1vel da editora, Rennie Jaffe, que a vida da casa de grava\u00e7\u00e3o &#8220;mudou para sempre&#8221; por causa dos Mastodon e dos discos da banda.<\/p>\n<p>Os Mastodon <a href=\"https:\/\/www.publico.pt\/2022\/06\/28\/culturaipsilon\/noticia\/festival-voa-heavy-rock-regressa-estadio-nacional-megadeth-bring-the-horizon-2011678\" rel=\"nofollow noopener\" target=\"_blank\">passaram por Portugal<\/a> em <a href=\"https:\/\/www.publico.pt\/2012\/05\/26\/culturaipsilon\/noticia\/os-metallica-vestiram-preto-integral-no-rock-in-rio--1547724\" rel=\"nofollow noopener\" target=\"_blank\">v\u00e1rias<\/a><a href=\"https:\/\/www.publico.pt\/2009\/07\/09\/jornal\/festival-alive-comeca-com-mettalica-e-tv-on-the-radio-17232954\" rel=\"nofollow noopener\" target=\"_blank\"> ocasi\u00f5es<\/a> e os elementos da banda chegaram a fazer figura\u00e7\u00e3o na s\u00e9rie <a href=\"https:\/\/www.publico.pt\/A-Guerra-dos-Tronos\" rel=\"nofollow noopener\" target=\"_blank\">A Guerra dos Tronos<\/a>.<\/p>\n","protected":false},"excerpt":{"rendered":"O antigo guitarrista e vocalista da banda Mastodon Brent Hinds morreu, na quarta-feira, num acidente de via\u00e7\u00e3o, confirmou&hellip;\n","protected":false},"author":2,"featured_media":40622,"comment_status":"","ping_status":"","sticky":false,"template":"","format":"standard","meta":{"footnotes":""},"categories":[85],"tags":[315,1413,114,115,4093,1757,150,2409,32,33],"class_list":{"0":"post-40621","1":"post","2":"type-post","3":"status-publish","4":"format-standard","5":"has-post-thumbnail","7":"category-entretenimento","8":"tag-cultura","9":"tag-cultura-ipsilon","10":"tag-entertainment","11":"tag-entretenimento","12":"tag-heavy-metal","13":"tag-ipsilon","14":"tag-musica","15":"tag-obito","16":"tag-portugal","17":"tag-pt"},"share_on_mastodon":{"url":"","error":""},"_links":{"self":[{"href":"https:\/\/www.europesays.com\/pt\/wp-json\/wp\/v2\/posts\/40621","targetHints":{"allow":["GET"]}}],"collection":[{"href":"https:\/\/www.europesays.com\/pt\/wp-json\/wp\/v2\/posts"}],"about":[{"href":"https:\/\/www.europesays.com\/pt\/wp-json\/wp\/v2\/types\/post"}],"author":[{"embeddable":true,"href":"https:\/\/www.europesays.com\/pt\/wp-json\/wp\/v2\/users\/2"}],"replies":[{"embeddable":true,"href":"https:\/\/www.europesays.com\/pt\/wp-json\/wp\/v2\/comments?post=40621"}],"version-history":[{"count":0,"href":"https:\/\/www.europesays.com\/pt\/wp-json\/wp\/v2\/posts\/40621\/revisions"}],"wp:featuredmedia":[{"embeddable":true,"href":"https:\/\/www.europesays.com\/pt\/wp-json\/wp\/v2\/media\/40622"}],"wp:attachment":[{"href":"https:\/\/www.europesays.com\/pt\/wp-json\/wp\/v2\/media?parent=40621"}],"wp:term":[{"taxonomy":"category","embeddable":true,"href":"https:\/\/www.europesays.com\/pt\/wp-json\/wp\/v2\/categories?post=40621"},{"taxonomy":"post_tag","embeddable":true,"href":"https:\/\/www.europesays.com\/pt\/wp-json\/wp\/v2\/tags?post=40621"}],"curies":[{"name":"wp","href":"https:\/\/api.w.org\/{rel}","templated":true}]}}