{"id":40631,"date":"2025-08-22T18:58:11","date_gmt":"2025-08-22T18:58:11","guid":{"rendered":"https:\/\/www.europesays.com\/pt\/40631\/"},"modified":"2025-08-22T18:58:11","modified_gmt":"2025-08-22T18:58:11","slug":"ator-de-a-viagem-passara-por-mais-3-cirurgias","status":"publish","type":"post","link":"https:\/\/www.europesays.com\/pt\/40631\/","title":{"rendered":"Ator de A Viagem passar\u00e1 por mais 3 cirurgias"},"content":{"rendered":"<p>\n                        Guilherme Fontes, que interpreta Alexandre na reprise de &#8220;A Viagem&#8221;, passar\u00e1 por procedimentos no joelho, p\u00e9 e para tratar h\u00e9rnia.\n                    <\/p>\n<p class=\"text\">O ator Guilherme Fontes informou que precisar\u00e1 realizar tr\u00eas novos procedimentos cir\u00fargicos em breve. O artista, que interpreta o personagem Alexandre na reprise da novela &#8220;A Viagem&#8221; (1994), compartilhou a not\u00edcia em suas redes sociais nesta sexta-feira (22). Ele se recupera atualmente de uma opera\u00e7\u00e3o nos ouvidos realizada em 11 de agosto.<\/p>\n<p><img loading=\"lazy\" decoding=\"async\" alt=\"Guilherme Fontes, de A Viagem, passar\u00e1 por mais 3 cirurgias\" class=\"img-0ccb904f15fb3728425799c5e4a404bblry7ytum\" height=\"435\" src=\"https:\/\/www.europesays.com\/pt\/wp-content\/uploads\/2025\/08\/365104409-guilherme-fontes-1.jpg\"  title=\"Guilherme Fontes, de A Viagem, passar\u00e1 por mais 3 cirurgias\" width=\"774\"\/><\/p>\n<p>Guilherme Fontes, de A Viagem, passar\u00e1 por mais 3 cirurgias<\/p>\n<p>Foto: Reprodu\u00e7\u00e3o\/Instagram \/ Famosos e Celebridades<\/p>\n<p class=\"text\">Fontes, de 58 anos, comunicou que as pr\u00f3ximas interven\u00e7\u00f5es m\u00e9dicas ser\u00e3o no joelho, no p\u00e9 e para tratar uma h\u00e9rnia, al\u00e9m de mencionar um quarto procedimento de natureza particular. &#8220;Agora partiu joelho, p\u00e9, h\u00e9rnia e outro assunto mais discreto e pessoal. Nada que interfira nas atividades di\u00e1rias. Posso trabalhar, viver, rir, sonhar&#8221;, afirmou o ator em sua publica\u00e7\u00e3o.<\/p>\n<p class=\"text\">O artista destacou que est\u00e1 completamente recuperado da cirurgia auditiva realizada h\u00e1 pouco mais de uma semana. &#8220;100% recuperado. Ouvidos 100% funcionando&#8221;, disse sobre o procedimento anterior.<\/p>\n<p class=\"text\">As datas espec\u00edficas para as novas cirurgias n\u00e3o foram divulgadas pelo ator, que tamb\u00e9m n\u00e3o detalhou as causas que levaram \u00e0 necessidade desses procedimentos adicionais. Fontes garantiu, por\u00e9m, que os problemas de sa\u00fade n\u00e3o afetar\u00e3o sua rotina profissional ou pessoal.<\/p>\n<p class=\"text\">Na semana passada, ap\u00f3s a opera\u00e7\u00e3o nos ouvidos, o ator j\u00e1 havia utilizado suas redes sociais para tranquilizar seguidores. &#8220;\u00c9 isso, amigos, tudo certo. J\u00e1 acabou a cirurgia, foi r\u00e1pido, estou me sentindo muito bem, deu tudo certo. Vou ouvir como nunca daqui para frente. Quero agradecer a toda a equipe do Dr. Fernando Gosling, que fez a cirurgia. Obrigado por tudo, deu tudo certo&#8221;, escreveu na ocasi\u00e3o.<\/p>\n<p class=\"text\">Atualmente, Guilherme Fontes pode ser visto na televis\u00e3o interpretando Alexandre, personagem de natureza vingativa na reprise de &#8220;A Viagem&#8221;, novela originalmente exibida em 1994.<\/p>\n","protected":false},"excerpt":{"rendered":"Guilherme Fontes, que interpreta Alexandre na reprise de &#8220;A Viagem&#8221;, passar\u00e1 por procedimentos no joelho, p\u00e9 e para&hellip;\n","protected":false},"author":2,"featured_media":40632,"comment_status":"","ping_status":"","sticky":false,"template":"","format":"standard","meta":{"footnotes":""},"categories":[145],"tags":[211,210,114,115,32,33],"class_list":{"0":"post-40631","1":"post","2":"type-post","3":"status-publish","4":"format-standard","5":"has-post-thumbnail","7":"category-celebridades","8":"tag-celebridades","9":"tag-celebrities","10":"tag-entertainment","11":"tag-entretenimento","12":"tag-portugal","13":"tag-pt"},"share_on_mastodon":{"url":"","error":""},"_links":{"self":[{"href":"https:\/\/www.europesays.com\/pt\/wp-json\/wp\/v2\/posts\/40631","targetHints":{"allow":["GET"]}}],"collection":[{"href":"https:\/\/www.europesays.com\/pt\/wp-json\/wp\/v2\/posts"}],"about":[{"href":"https:\/\/www.europesays.com\/pt\/wp-json\/wp\/v2\/types\/post"}],"author":[{"embeddable":true,"href":"https:\/\/www.europesays.com\/pt\/wp-json\/wp\/v2\/users\/2"}],"replies":[{"embeddable":true,"href":"https:\/\/www.europesays.com\/pt\/wp-json\/wp\/v2\/comments?post=40631"}],"version-history":[{"count":0,"href":"https:\/\/www.europesays.com\/pt\/wp-json\/wp\/v2\/posts\/40631\/revisions"}],"wp:featuredmedia":[{"embeddable":true,"href":"https:\/\/www.europesays.com\/pt\/wp-json\/wp\/v2\/media\/40632"}],"wp:attachment":[{"href":"https:\/\/www.europesays.com\/pt\/wp-json\/wp\/v2\/media?parent=40631"}],"wp:term":[{"taxonomy":"category","embeddable":true,"href":"https:\/\/www.europesays.com\/pt\/wp-json\/wp\/v2\/categories?post=40631"},{"taxonomy":"post_tag","embeddable":true,"href":"https:\/\/www.europesays.com\/pt\/wp-json\/wp\/v2\/tags?post=40631"}],"curies":[{"name":"wp","href":"https:\/\/api.w.org\/{rel}","templated":true}]}}