{"id":406428,"date":"2026-06-04T18:19:12","date_gmt":"2026-06-04T18:19:12","guid":{"rendered":"https:\/\/www.europesays.com\/pt\/406428\/"},"modified":"2026-06-04T18:19:12","modified_gmt":"2026-06-04T18:19:12","slug":"trem-de-aterragem-de-boeing-da-lufthansa-parte-se-em-frankfurt-tripulacao-ferida-aviacao","status":"publish","type":"post","link":"https:\/\/www.europesays.com\/pt\/406428\/","title":{"rendered":"Trem de aterragem de Boeing da Lufthansa parte-se em Frankfurt, tripula\u00e7\u00e3o ferida | Avia\u00e7\u00e3o"},"content":{"rendered":"<p>V\u00e1rios membros da tripula\u00e7\u00e3o de um <a href=\"https:\/\/www.publico.pt\/boeing-787\" target=\"_self\" rel=\"nofollow noopener\">Boeing 787<\/a> da Lufthansa e pessoal de terra do aeroporto de Frankfurt ficaram feridos quando o trem de aterragem dianteiro do avi\u00e3o se partiu, nesta quinta-feira. O aparelho encontrava-se, na altura do incidente, junto a uma porta de embarque, informou a operadora.<\/p>\n<p>\u201cOs passageiros ainda n\u00e3o tinham embarcado\u201d, adiantou um porta-voz da empresa num comunicado enviado por email \u00e0 Reuters, acrescentando que os membros da tripula\u00e7\u00e3o e o pessoal de terra se encontravam a bordo da aeronave no momento do incidente, que foi noticiado pela primeira vez pela <a href=\"https:\/\/www.bloomberg.com\/news\/articles\/2026-06-04\/lufthansa-787-parked-at-frankfurt-gate-sees-front-wheel-collapse\" target=\"_blank\" rel=\"nofollow noopener\">Bloomberg News<\/a>.<\/p>\n<p>\u201cV\u00e1rios membros do pessoal ficaram feridos e est\u00e3o actualmente a receber tratamento m\u00e9dico\u201d, acrescentou a empresa.<\/p>\n<p>Um porta-voz da Boeing afirmou que a empresa estava ciente do incidente e que estava a apoiar o seu cliente, mas n\u00e3o forneceu mais detalhes.<\/p>\n<p>Um fot\u00f3grafo da Reuters viu v\u00e1rios ve\u00edculos de emerg\u00eancia estacionados em torno do avi\u00e3o de fuselagem larga e dois motores.<\/p>\n<p>O incidente ocorreu \u00e0s 12h45 (11h45 em Lisboa), sendo que o aparelho iria operar o <a href=\"https:\/\/pt.flightaware.com\/live\/flight\/DLH450\" target=\"_blank\" rel=\"nofollow noopener\">voo LH450<\/a>, com destino a Los Angeles, EUA, informou a Lufthansa. \u201cEstamos actualmente a investigar as circunst\u00e2ncias exactas com as autoridades competentes\u201d, acrescentou a empresa.<\/p>\n<p>O 787, do qual a Lufthansa opera a variante 787-9, \u00e9 uma aquisi\u00e7\u00e3o relativamente recente para o grupo, que planeia retirar gradualmente os avi\u00f5es menos eficientes e simplificar a sua frota.<\/p>\n","protected":false},"excerpt":{"rendered":"V\u00e1rios membros da tripula\u00e7\u00e3o de um Boeing 787 da Lufthansa e pessoal de terra do aeroporto de Frankfurt&hellip;\n","protected":false},"author":2,"featured_media":406429,"comment_status":"","ping_status":"","sticky":false,"template":"","format":"standard","meta":{"footnotes":"","_share_on_mastodon":"0"},"categories":[83],"tags":[1455,1305,1310,5329,88,89,90,25990,19568,62,32,33,2588],"class_list":["post-406428","post","type-post","status-publish","format-standard","has-post-thumbnail","category-empresas","tag-acidentes","tag-alemanha","tag-aviacao","tag-boeing","tag-business","tag-economy","tag-empresas","tag-frankfurt","tag-lufthansa","tag-mundo","tag-portugal","tag-pt","tag-transportes"],"share_on_mastodon":{"url":"https:\/\/pubeurope.com\/@pt\/116693222468062796","error":""},"_links":{"self":[{"href":"https:\/\/www.europesays.com\/pt\/wp-json\/wp\/v2\/posts\/406428","targetHints":{"allow":["GET"]}}],"collection":[{"href":"https:\/\/www.europesays.com\/pt\/wp-json\/wp\/v2\/posts"}],"about":[{"href":"https:\/\/www.europesays.com\/pt\/wp-json\/wp\/v2\/types\/post"}],"author":[{"embeddable":true,"href":"https:\/\/www.europesays.com\/pt\/wp-json\/wp\/v2\/users\/2"}],"replies":[{"embeddable":true,"href":"https:\/\/www.europesays.com\/pt\/wp-json\/wp\/v2\/comments?post=406428"}],"version-history":[{"count":0,"href":"https:\/\/www.europesays.com\/pt\/wp-json\/wp\/v2\/posts\/406428\/revisions"}],"wp:featuredmedia":[{"embeddable":true,"href":"https:\/\/www.europesays.com\/pt\/wp-json\/wp\/v2\/media\/406429"}],"wp:attachment":[{"href":"https:\/\/www.europesays.com\/pt\/wp-json\/wp\/v2\/media?parent=406428"}],"wp:term":[{"taxonomy":"category","embeddable":true,"href":"https:\/\/www.europesays.com\/pt\/wp-json\/wp\/v2\/categories?post=406428"},{"taxonomy":"post_tag","embeddable":true,"href":"https:\/\/www.europesays.com\/pt\/wp-json\/wp\/v2\/tags?post=406428"}],"curies":[{"name":"wp","href":"https:\/\/api.w.org\/{rel}","templated":true}]}}