{"id":406525,"date":"2026-06-04T19:59:10","date_gmt":"2026-06-04T19:59:10","guid":{"rendered":"https:\/\/www.europesays.com\/pt\/406525\/"},"modified":"2026-06-04T19:59:10","modified_gmt":"2026-06-04T19:59:10","slug":"henry-nowak-starmer-acusa-musk-de-causar-discordia-observador","status":"publish","type":"post","link":"https:\/\/www.europesays.com\/pt\/406525\/","title":{"rendered":"Henry Nowak. Starmer acusa Musk de causar &#8220;disc\u00f3rdia&#8221; \u2013 Observador"},"content":{"rendered":"<p>O primeiro-ministro brit\u00e2nico acusou esta quinta-feira Elon Musk de tentar \u201csemear a disc\u00f3rdia\u201d no Reino Unido por causa do <a href=\"https:\/\/observador.pt\/especiais\/esfaqueado-e-algemado-pela-policia-apos-acusacoes-de-racismo-como-a-morte-de-um-jovem-de-18-anos-esta-a-abalar-o-reino-unido\/\" rel=\"nofollow noopener\" target=\"_blank\">assassinato do estudante Henry Nowak<\/a> em Southampton, no sul de Inglaterra, e real\u00e7ou que o povo brit\u00e2nico \u00e9 <strong>\u201crazo\u00e1vel e tolerante\u201d<\/strong>.<\/p>\n<p>\u201c[Elon] Musk, mais uma vez, tem-se intrometido na nossa pol\u00edtica nos \u00faltimos dias, <strong>tentando semear a divis\u00e3o<\/strong>\u201c, disse o primeiro-ministro brit\u00e2nico, Keir Starmer, durante uma visita a York, no norte de Inglaterra.<\/p>\n<p>O <a href=\"https:\/\/observador.pt\/2026\/06\/04\/ex-policias-fugiram-para-locais-seguros-apos-serem-falsamente-acusados-pelo-grok-no-caso-henry-nowak\/\" rel=\"nofollow noopener\" target=\"_blank\">dono da rede social X<\/a> publicou v\u00e1rios coment\u00e1rios na sua plataforma sobre a resposta da pol\u00edcia ao esfaqueamento do estudante de Finan\u00e7as na Universidade de Southampton, que morreu em 3 de dezembro de 2025, depois de ter sido esfaqueado por Vickrum Digwa, um jovem brit\u00e2nico de f\u00e9 sikh, que na segunda-feira foi <strong>condenado a pris\u00e3o perp\u00e9tua com um m\u00ednimo de 21 anos<\/strong>.<\/p>\n<p>Este caso causou grande indigna\u00e7\u00e3o no Reino Unido depois de imagens da c\u00e2mara corporal terem mostrado o estudante deitado no ch\u00e3o enquanto os pol\u00edcias o algemavam, <strong>ignorando os seus apelos<\/strong> de que estava ferido e que n\u00e3o conseguia respirar.<\/p>\n<p>O rapaz acabaria por morrer minutos depois.<\/p>\n<p>\u201cEssa n\u00e3o \u00e9 a identidade do Reino Unido. No Reino Unido, somos pessoas razo\u00e1veis e tolerantes. Quando nos deparamos com um caso t\u00e3o terr\u00edvel como o de Henry Nowak, reagimos com tranquilidade, assim como a sua fam\u00edlia\u201d, disse o governante, referindo-se ao apelo feito pelo pai do jovem para que o seu assassinato n\u00e3o fosse usado \u201ccomo pretexto para semear a disc\u00f3rdia\u201d.<\/p>\n<p>\u201cAs mudan\u00e7as podem ser necess\u00e1rias, e n\u00e3o nos devemos esquivar a elas\u201d.<\/p>\n","protected":false},"excerpt":{"rendered":"O primeiro-ministro brit\u00e2nico acusou esta quinta-feira Elon Musk de tentar \u201csemear a disc\u00f3rdia\u201d no Reino Unido por causa&hellip;\n","protected":false},"author":2,"featured_media":406526,"comment_status":"","ping_status":"","sticky":false,"template":"","format":"standard","meta":{"footnotes":"","_share_on_mastodon":"0"},"categories":[50],"tags":[27,28,584,445,15,16,14,549,25,26,5567,21,22,62,12,13,19,20,23,24,548,713,110,17,18,3664,29,30,31,63,64,65],"class_list":["post-406525","post","type-post","status-publish","format-standard","has-post-thumbnail","category-mundo","tag-breaking-news","tag-breakingnews","tag-elon-musk","tag-europa","tag-featured-news","tag-featurednews","tag-headlines","tag-internet","tag-latest-news","tag-latestnews","tag-londres","tag-main-news","tag-mainnews","tag-mundo","tag-news","tag-noticias","tag-noticias-principais","tag-noticiasprincipais","tag-principais-noticias","tag-principaisnoticias","tag-redes-sociais","tag-reino-unido","tag-tecnologia","tag-top-stories","tag-topstories","tag-twitter","tag-ultimas","tag-ultimas-noticias","tag-ultimasnoticias","tag-world","tag-world-news","tag-worldnews"],"share_on_mastodon":{"url":"https:\/\/pubeurope.com\/@pt\/116693615615801458","error":""},"_links":{"self":[{"href":"https:\/\/www.europesays.com\/pt\/wp-json\/wp\/v2\/posts\/406525","targetHints":{"allow":["GET"]}}],"collection":[{"href":"https:\/\/www.europesays.com\/pt\/wp-json\/wp\/v2\/posts"}],"about":[{"href":"https:\/\/www.europesays.com\/pt\/wp-json\/wp\/v2\/types\/post"}],"author":[{"embeddable":true,"href":"https:\/\/www.europesays.com\/pt\/wp-json\/wp\/v2\/users\/2"}],"replies":[{"embeddable":true,"href":"https:\/\/www.europesays.com\/pt\/wp-json\/wp\/v2\/comments?post=406525"}],"version-history":[{"count":0,"href":"https:\/\/www.europesays.com\/pt\/wp-json\/wp\/v2\/posts\/406525\/revisions"}],"wp:featuredmedia":[{"embeddable":true,"href":"https:\/\/www.europesays.com\/pt\/wp-json\/wp\/v2\/media\/406526"}],"wp:attachment":[{"href":"https:\/\/www.europesays.com\/pt\/wp-json\/wp\/v2\/media?parent=406525"}],"wp:term":[{"taxonomy":"category","embeddable":true,"href":"https:\/\/www.europesays.com\/pt\/wp-json\/wp\/v2\/categories?post=406525"},{"taxonomy":"post_tag","embeddable":true,"href":"https:\/\/www.europesays.com\/pt\/wp-json\/wp\/v2\/tags?post=406525"}],"curies":[{"name":"wp","href":"https:\/\/api.w.org\/{rel}","templated":true}]}}