{"id":406567,"date":"2026-06-04T20:52:25","date_gmt":"2026-06-04T20:52:25","guid":{"rendered":"https:\/\/www.europesays.com\/pt\/406567\/"},"modified":"2026-06-04T20:52:25","modified_gmt":"2026-06-04T20:52:25","slug":"o-meu-que-filha-de-elon-musk-abandona-entrevista-em-passadeira-vermelha-apos-ser-questionada-sobre-o-pai","status":"publish","type":"post","link":"https:\/\/www.europesays.com\/pt\/406567\/","title":{"rendered":"\u201cO meu qu\u00ea?\u201d: filha de Elon Musk abandona entrevista em passadeira vermelha ap\u00f3s ser questionada sobre o pai"},"content":{"rendered":"<p>04 de junho 2026 \u00e0s 17:55<\/p>\n<p>Vivian Jenna Wilson esteve em destaque esta semana ap\u00f3s um acontecimento pol\u00e9mico durante uma entrevista na passadeira vermelha do evento da Desigual Vintage, em Ibiza, Espanha. <\/p>\n<p>A jovem de 22 anos estava a ser entrevistada por um rep\u00f3rter quando este a questiona pelo seu pai, o bilion\u00e1rio Elon Musk. &#8220;O seu pai \u00e9 melhor n\u00e3o \u00e9?&#8221;, pergunta o rep\u00f3rter. Naquele momento, a jovem esteve uns segundos calada e apenas disse &#8220;O meu qu\u00ea, desculpa?&#8221;. Conforma repetiu a pergunta, Wilson simplesmente se afastou das c\u00e2maras ap\u00f3s um simples &#8220;ok&#8221;. <\/p>\n<p>O afastamento entre pai e filha \u00e9 not\u00f3rio h\u00e1 v\u00e1rios anos. Wilson assumiu-se publicamente como transg\u00e9nero em 2020, tendo mudado legalmente o nome e g\u00e9nero em 2022 &#8211; e j\u00e1 n\u00e3o tem o apelido do pai. Em documentos judiciais, Vivian sublinhou que n\u00e3o desejava mais ser familiar do seu pai biol\u00f3gico e, em v\u00e1rias entrevistas ao longo dos \u00faltimos anos garante n\u00e3o ter interesse em manter um relacionamento com Elon Musk. <\/p>\n<p>Tamb\u00e9m o pr\u00f3prio Elon Musk j\u00e1 abordou a rela\u00e7\u00e3o dos dois publicamente, considerando este um relacionamento &#8220;tenso&#8221;. Musk chegou mesmo a afirmar ter sido enganado para assinar os pap\u00e9is de transi\u00e7\u00e3o de g\u00e9nero da filha, referindo-se a ela atrav\u00e9s do nome antigo. <\/p>\n","protected":false},"excerpt":{"rendered":"04 de junho 2026 \u00e0s 17:55 Vivian Jenna Wilson esteve em destaque esta semana ap\u00f3s um acontecimento pol\u00e9mico&hellip;\n","protected":false},"author":2,"featured_media":406568,"comment_status":"","ping_status":"","sticky":false,"template":"","format":"standard","meta":{"footnotes":"","_share_on_mastodon":"0"},"categories":[145],"tags":[836,211,210,315,476,584,114,115,1859,66810,301,41219,82,45642,186,831,3001,62,4104,13,45643,66808,52,32,33,66809,58,2836,3192,66807],"class_list":["post-406567","post","type-post","status-publish","format-standard","has-post-thumbnail","category-celebridades","tag-analise","tag-celebridades","tag-celebrities","tag-cultura","tag-economia","tag-elon-musk","tag-entertainment","tag-entretenimento","tag-entrevistas","tag-filha-de-elon-musk","tag-governo","tag-identidade-de-genero","tag-internacional","tag-jornal-sol","tag-lifestyle","tag-mais-vistas","tag-multimedia","tag-mundo","tag-nascer-do-sol","tag-noticias","tag-opiniao-ultimas","tag-polemica-elon-musk","tag-politica","tag-portugal","tag-pt","tag-relacao-pai-e-filha","tag-sociedade","tag-sol","tag-vida","tag-vivian-jenna-wilson"],"share_on_mastodon":{"url":"https:\/\/pubeurope.com\/@pt\/116693824096030687","error":""},"_links":{"self":[{"href":"https:\/\/www.europesays.com\/pt\/wp-json\/wp\/v2\/posts\/406567","targetHints":{"allow":["GET"]}}],"collection":[{"href":"https:\/\/www.europesays.com\/pt\/wp-json\/wp\/v2\/posts"}],"about":[{"href":"https:\/\/www.europesays.com\/pt\/wp-json\/wp\/v2\/types\/post"}],"author":[{"embeddable":true,"href":"https:\/\/www.europesays.com\/pt\/wp-json\/wp\/v2\/users\/2"}],"replies":[{"embeddable":true,"href":"https:\/\/www.europesays.com\/pt\/wp-json\/wp\/v2\/comments?post=406567"}],"version-history":[{"count":0,"href":"https:\/\/www.europesays.com\/pt\/wp-json\/wp\/v2\/posts\/406567\/revisions"}],"wp:featuredmedia":[{"embeddable":true,"href":"https:\/\/www.europesays.com\/pt\/wp-json\/wp\/v2\/media\/406568"}],"wp:attachment":[{"href":"https:\/\/www.europesays.com\/pt\/wp-json\/wp\/v2\/media?parent=406567"}],"wp:term":[{"taxonomy":"category","embeddable":true,"href":"https:\/\/www.europesays.com\/pt\/wp-json\/wp\/v2\/categories?post=406567"},{"taxonomy":"post_tag","embeddable":true,"href":"https:\/\/www.europesays.com\/pt\/wp-json\/wp\/v2\/tags?post=406567"}],"curies":[{"name":"wp","href":"https:\/\/api.w.org\/{rel}","templated":true}]}}