{"id":406608,"date":"2026-06-04T21:40:12","date_gmt":"2026-06-04T21:40:12","guid":{"rendered":"https:\/\/www.europesays.com\/pt\/406608\/"},"modified":"2026-06-04T21:40:12","modified_gmt":"2026-06-04T21:40:12","slug":"elche-nao-vai-renovar-com-andre-silva-e-avancado-vai-mesmo-regressar-ao-fc-porto-a-custo-zero","status":"publish","type":"post","link":"https:\/\/www.europesays.com\/pt\/406608\/","title":{"rendered":"Elche n\u00e3o vai renovar com Andr\u00e9 Silva e avan\u00e7ado vai mesmo regressar ao FC Porto a custo zero"},"content":{"rendered":"<p>&#8211; Advertisement &#8211;<\/p>\n<p class=\"wp-block-paragraph\">Andr\u00e9 Silva vai regressar ao FC Porto. De acordo com Gianluca Di Marzio, o neg\u00f3cio est\u00e1 agora 100% fechado depois do \u00faltimo pormenor ficar decidido.<\/p>\n<p class=\"wp-block-paragraph\">O Elche podia renovar contrato com Andr\u00e9 Silva, o que dificultaria o neg\u00f3cio. No entanto, garante o jornalista italiano, este cen\u00e1rio n\u00e3o est\u00e1 em cima da mesa pelo que o FC Porto garantir\u00e1 <a href=\"https:\/\/bolanarede.pt\/especial-bola-na-rede\/atualidade\/andre-silva-esta-muito-perto-do-fc-porto\/\" target=\"_blank\" rel=\"noreferrer noopener nofollow\">o regresso do ponta de lan\u00e7a<\/a> a custo zero.<\/p>\n<p class=\"wp-block-paragraph\">Internacional portugu\u00eas por 53 ocasi\u00f5es, o avan\u00e7ado vai regressar a Portugal e aos drag\u00f5es aos 30 anos, depois de nove anos fora, repartidos por sete clubes distintos. Ao servi\u00e7o do Elche, o ponta de lan\u00e7a marcou 10 golos em 32 jogos. <\/p>\n<p class=\"wp-block-paragraph\">Recorde-se que, al\u00e9m de Andr\u00e9 Silva, o FC Porto planeia avan\u00e7ar para a<a href=\"https:\/\/bolanarede.pt\/especial-bola-na-rede\/atualidade\/fc-porto-continua-no-mercado-e-quer-mais-um-ponta-de-lanca-alem-de-andre-silva\/\" target=\"_blank\" rel=\"noreferrer noopener nofollow\"> contrata\u00e7\u00e3o de mais um ponta de lan\u00e7a<\/a> para juntar a Samu Aghehowa, a recuperar de les\u00e3o. <\/p>\n","protected":false},"excerpt":{"rendered":"&#8211; Advertisement &#8211; Andr\u00e9 Silva vai regressar ao FC Porto. De acordo com Gianluca Di Marzio, o neg\u00f3cio&hellip;\n","protected":false},"author":2,"featured_media":406609,"comment_status":"","ping_status":"","sticky":false,"template":"","format":"standard","meta":{"footnotes":"","_share_on_mastodon":"0"},"categories":[87],"tags":[4956,260,135,478,10760,282,5705,32,479,33,134],"class_list":["post-406608","post","type-post","status-publish","format-standard","has-post-thumbnail","category-desporto","tag-andre-silva","tag-atualidade","tag-desporto","tag-destaques-bnr","tag-elche","tag-fc-porto","tag-la-liga","tag-portugal","tag-primeira-liga","tag-pt","tag-sports"],"share_on_mastodon":{"url":"https:\/\/pubeurope.com\/@pt\/116694012892483806","error":""},"_links":{"self":[{"href":"https:\/\/www.europesays.com\/pt\/wp-json\/wp\/v2\/posts\/406608","targetHints":{"allow":["GET"]}}],"collection":[{"href":"https:\/\/www.europesays.com\/pt\/wp-json\/wp\/v2\/posts"}],"about":[{"href":"https:\/\/www.europesays.com\/pt\/wp-json\/wp\/v2\/types\/post"}],"author":[{"embeddable":true,"href":"https:\/\/www.europesays.com\/pt\/wp-json\/wp\/v2\/users\/2"}],"replies":[{"embeddable":true,"href":"https:\/\/www.europesays.com\/pt\/wp-json\/wp\/v2\/comments?post=406608"}],"version-history":[{"count":0,"href":"https:\/\/www.europesays.com\/pt\/wp-json\/wp\/v2\/posts\/406608\/revisions"}],"wp:featuredmedia":[{"embeddable":true,"href":"https:\/\/www.europesays.com\/pt\/wp-json\/wp\/v2\/media\/406609"}],"wp:attachment":[{"href":"https:\/\/www.europesays.com\/pt\/wp-json\/wp\/v2\/media?parent=406608"}],"wp:term":[{"taxonomy":"category","embeddable":true,"href":"https:\/\/www.europesays.com\/pt\/wp-json\/wp\/v2\/categories?post=406608"},{"taxonomy":"post_tag","embeddable":true,"href":"https:\/\/www.europesays.com\/pt\/wp-json\/wp\/v2\/tags?post=406608"}],"curies":[{"name":"wp","href":"https:\/\/api.w.org\/{rel}","templated":true}]}}