{"id":40699,"date":"2025-08-22T19:49:09","date_gmt":"2025-08-22T19:49:09","guid":{"rendered":"https:\/\/www.europesays.com\/pt\/40699\/"},"modified":"2025-08-22T19:49:09","modified_gmt":"2025-08-22T19:49:09","slug":"pratica-de-chi-kung-promove-saude-e","status":"publish","type":"post","link":"https:\/\/www.europesays.com\/pt\/40699\/","title":{"rendered":"Pr\u00e1tica de chi kung promove sa\u00fade e&#8230;"},"content":{"rendered":"<p>                                            A Prefeitura de Divin\u00f3polis, por meio da Secretaria Municipal de Sa\u00fade (Semusa), segue incentivando as Pr\u00e1ticas Integrativas e Complementares em Sa\u00fade (PICS), que t\u00eam como objetivo melhorar a qualidade de vida e o bem-estar da popula\u00e7\u00e3o por meio de terapias baseadas em conhecimentos tradicionais.<\/p>\n<p>Na \u00faltima quarta-feira (20\/8), a equipe da Unidade de Sa\u00fade Santos Dumont promoveu mais uma atividade de chi kung, realizada na quadra da Igreja S\u00e3o Br\u00e1s, localizada na Rua F\u00e1bio Botelho Notini, no bairro Santos Dumont. A a\u00e7\u00e3o foi conduzida pela agente comunit\u00e1ria de sa\u00fade (ACS) da unidade, Maria Helena Eug\u00eanio Pardini, e contou com exerc\u00edcios de alongamento, equil\u00edbrio do corpo e da mente, ao som de m\u00fasicas que tornaram a experi\u00eancia ainda mais prazerosa.<\/p>\n<p>As pr\u00e1ticas acontecem todas as segundas e quartas-feiras, sempre no espa\u00e7o da Igreja S\u00e3o Br\u00e1s, e est\u00e3o abertas \u00e0 comunidade. Al\u00e9m de auxiliar na coordena\u00e7\u00e3o motora, as atividades proporcionam momentos de conviv\u00eancia e bem-estar, refor\u00e7ando o compromisso da Semusa em oferecer iniciativas que v\u00e3o al\u00e9m do atendimento convencional, cuidando tamb\u00e9m da sa\u00fade f\u00edsica e emocional dos usu\u00e1rios.<\/p>\n<p>O chi kung, tamb\u00e9m conhecido como \u201cqigong\u201d, \u00e9 uma pr\u00e1tica milenar chinesa que combina movimentos suaves, t\u00e9cnicas de respira\u00e7\u00e3o e concentra\u00e7\u00e3o mental. Sua filosofia est\u00e1 relacionada \u00e0 circula\u00e7\u00e3o da \u201cenergia vital\u201d (chamada de qi), buscando harmonizar corpo e mente. Estudos apontam que a pr\u00e1tica auxilia no fortalecimento do sistema imunol\u00f3gico, no controle da ansiedade e na melhora da disposi\u00e7\u00e3o f\u00edsica, sendo indicada tanto para preven\u00e7\u00e3o quanto para apoio terap\u00eautico em diversas condi\u00e7\u00f5es de sa\u00fade.<\/p>\n<p>As PICS s\u00e3o incentivadas pelo Sistema \u00danico de Sa\u00fade (SUS) e reconhecidas pelos benef\u00edcios na preven\u00e7\u00e3o e tratamento de doen\u00e7as, como a redu\u00e7\u00e3o do estresse, o al\u00edvio de dores cr\u00f4nicas e a promo\u00e7\u00e3o do equil\u00edbrio entre corpo e mente.                                        <\/p>\n","protected":false},"excerpt":{"rendered":"A Prefeitura de Divin\u00f3polis, por meio da Secretaria Municipal de Sa\u00fade (Semusa), segue incentivando as Pr\u00e1ticas Integrativas e&hellip;\n","protected":false},"author":2,"featured_media":40700,"comment_status":"","ping_status":"","sticky":false,"template":"","format":"standard","meta":{"footnotes":""},"categories":[86],"tags":[116,32,33,117],"class_list":{"0":"post-40699","1":"post","2":"type-post","3":"status-publish","4":"format-standard","5":"has-post-thumbnail","7":"category-saude","8":"tag-health","9":"tag-portugal","10":"tag-pt","11":"tag-saude"},"share_on_mastodon":{"url":"","error":""},"_links":{"self":[{"href":"https:\/\/www.europesays.com\/pt\/wp-json\/wp\/v2\/posts\/40699","targetHints":{"allow":["GET"]}}],"collection":[{"href":"https:\/\/www.europesays.com\/pt\/wp-json\/wp\/v2\/posts"}],"about":[{"href":"https:\/\/www.europesays.com\/pt\/wp-json\/wp\/v2\/types\/post"}],"author":[{"embeddable":true,"href":"https:\/\/www.europesays.com\/pt\/wp-json\/wp\/v2\/users\/2"}],"replies":[{"embeddable":true,"href":"https:\/\/www.europesays.com\/pt\/wp-json\/wp\/v2\/comments?post=40699"}],"version-history":[{"count":0,"href":"https:\/\/www.europesays.com\/pt\/wp-json\/wp\/v2\/posts\/40699\/revisions"}],"wp:featuredmedia":[{"embeddable":true,"href":"https:\/\/www.europesays.com\/pt\/wp-json\/wp\/v2\/media\/40700"}],"wp:attachment":[{"href":"https:\/\/www.europesays.com\/pt\/wp-json\/wp\/v2\/media?parent=40699"}],"wp:term":[{"taxonomy":"category","embeddable":true,"href":"https:\/\/www.europesays.com\/pt\/wp-json\/wp\/v2\/categories?post=40699"},{"taxonomy":"post_tag","embeddable":true,"href":"https:\/\/www.europesays.com\/pt\/wp-json\/wp\/v2\/tags?post=40699"}],"curies":[{"name":"wp","href":"https:\/\/api.w.org\/{rel}","templated":true}]}}