{"id":406992,"date":"2026-06-05T04:55:30","date_gmt":"2026-06-05T04:55:30","guid":{"rendered":"https:\/\/www.europesays.com\/pt\/406992\/"},"modified":"2026-06-05T04:55:30","modified_gmt":"2026-06-05T04:55:30","slug":"marisa-susana-acusa-joao-ricardo-de-agressao-veja-as-imagens-da-nova-polemica-em-secret-story","status":"publish","type":"post","link":"https:\/\/www.europesays.com\/pt\/406992\/","title":{"rendered":"Marisa Susana acusa Jo\u00e3o Ricardo de agress\u00e3o: veja as imagens da nova pol\u00e9mica em &#8220;Secret Story&#8221;!"},"content":{"rendered":"<p>Esta quinta-feira, dia 4, est\u00e1 a ser tudo menos tranquila em &#8220;Secret Story &#8211; Desafio Final&#8221;. Jo\u00e3o Ricardo Ferreira procurava retirar um trevo que estava fechado na despensa quando Marisa Susana quis tentar a sorte.<\/p>\n<p>Foi nesse momento que a concorrente do reality show da <a href=\"https:\/\/tvi.iol.pt\/\" rel=\"noopener noreferrer nofollow\" target=\"_blank\">TVI<\/a> disparou: &#8220;Est\u00e1s a aleijar-me&#8221;. &#8220;Est\u00e1s a ser tonta&#8221;, opinou o colega, que recebeu como resposta: &#8220;Tu \u00e9 que est\u00e1s a ser tonto.&#8221;<\/p>\n<p>Instantes depois, Marisa Susana voltou ao ataque. &#8220;Estou a falar a s\u00e9rio. Aleijaste-me nos bra\u00e7os. Apertaste-me&#8221;, acusou. &#8220;\u00d3 Marisa, por amor de Deus&#8221;, indignou-se <a href=\"https:\/\/selfie.iol.pt\/famosos\/casa-dos-segredos-desafio-final\/joao-ricardo-salvo-da-expulsao-de-secret-story-com-percentagem-avassaladora\/20260602\/6a1f4bdb0cf27f6588a6c3b8\" rel=\"noopener noreferrer nofollow\" target=\"_blank\">Jo\u00e3o Ricardo Ferreira<\/a>. &#8220;Vai ao confession\u00e1rio e pede a minha expuls\u00e3o&#8221;, atirou ainda.<\/p>\n<p>Mais tarde, a moradora da casa mais vigiada do Pa\u00eds acusou ainda o advers\u00e1rio de a ter empurrado e chegou mesmo a falar em agress\u00e3o. &#8220;\u00c9s baixa. \u00c9s perigosa&#8221;, contra-atacou ele.<\/p>\n<p>J\u00e1 no confession\u00e1rio, em l\u00e1grimas, Marisa Susana desabafou: &#8220;Acabou por ser bruto, empurrar-me e tirar aquilo \u00e0 for\u00e7a das m\u00e3os. N\u00e3o percebi a rea\u00e7\u00e3o dele&#8221;.<\/p>\n<p>&#8220;Acho rid\u00edcula a atitude da Marisa Susana. Ent\u00e3o eu estava a aleijar-me, quando ela se manda para o ch\u00e3o e para cima de mim? Isto \u00e9 de loucos&#8221;, reagiu, por sua vez, <a href=\"https:\/\/selfie.iol.pt\/famosos\/secret-story-desafio-final\/sara-esta-apaixonada-por-joao-ricardo-hugo-tem-algo-a-dizer\/20260524\/6a137fbe0cf2d0ed34b85970\" rel=\"noopener noreferrer nofollow\" target=\"_blank\">Jo\u00e3o Ricardo Ferreira<\/a>, na mesma divis\u00e3o da mans\u00e3o da Malveira, em conversa com a Voz.<\/p>\n<p>Veja, agora, os v\u00eddeos da nova pol\u00e9mica em &#8220;<a href=\"https:\/\/tvi.iol.pt\/secretstory\/\" rel=\"noopener noreferrer nofollow\" target=\"_blank\">Secret Story<\/a> &#8211; Desafio Final&#8221;.<\/p>\n","protected":false},"excerpt":{"rendered":"Esta quinta-feira, dia 4, est\u00e1 a ser tudo menos tranquila em &#8220;Secret Story &#8211; Desafio Final&#8221;. Jo\u00e3o Ricardo&hellip;\n","protected":false},"author":2,"featured_media":406993,"comment_status":"","ping_status":"","sticky":false,"template":"","format":"standard","meta":{"footnotes":"","_share_on_mastodon":"0"},"categories":[142],"tags":[2632,15384,6338,328,15383,114,115,980,1829,15385,19184,19153,619,32,33,1014,1315,6985,15382,1012,6986,151,162],"class_list":["post-406992","post","type-post","status-publish","format-standard","has-post-thumbnail","category-tv","tag-casa-dos-segredos","tag-casa-dos-segredos-desafio-final","tag-concorrente","tag-concorrentes","tag-desafio-final","tag-entertainment","tag-entretenimento","tag-famosos","tag-joao-ricardo","tag-joao-ricardo-ferreira","tag-marisa","tag-marisa-susana","tag-nacional","tag-portugal","tag-pt","tag-reality-show","tag-secret-story","tag-secret-story-casa-dos-segredos","tag-secret-story-desafio-final","tag-selfie","tag-ss","tag-tv","tag-tvi"],"share_on_mastodon":{"url":"https:\/\/pubeurope.com\/@pt\/116695723329317048","error":""},"_links":{"self":[{"href":"https:\/\/www.europesays.com\/pt\/wp-json\/wp\/v2\/posts\/406992","targetHints":{"allow":["GET"]}}],"collection":[{"href":"https:\/\/www.europesays.com\/pt\/wp-json\/wp\/v2\/posts"}],"about":[{"href":"https:\/\/www.europesays.com\/pt\/wp-json\/wp\/v2\/types\/post"}],"author":[{"embeddable":true,"href":"https:\/\/www.europesays.com\/pt\/wp-json\/wp\/v2\/users\/2"}],"replies":[{"embeddable":true,"href":"https:\/\/www.europesays.com\/pt\/wp-json\/wp\/v2\/comments?post=406992"}],"version-history":[{"count":0,"href":"https:\/\/www.europesays.com\/pt\/wp-json\/wp\/v2\/posts\/406992\/revisions"}],"wp:featuredmedia":[{"embeddable":true,"href":"https:\/\/www.europesays.com\/pt\/wp-json\/wp\/v2\/media\/406993"}],"wp:attachment":[{"href":"https:\/\/www.europesays.com\/pt\/wp-json\/wp\/v2\/media?parent=406992"}],"wp:term":[{"taxonomy":"category","embeddable":true,"href":"https:\/\/www.europesays.com\/pt\/wp-json\/wp\/v2\/categories?post=406992"},{"taxonomy":"post_tag","embeddable":true,"href":"https:\/\/www.europesays.com\/pt\/wp-json\/wp\/v2\/tags?post=406992"}],"curies":[{"name":"wp","href":"https:\/\/api.w.org\/{rel}","templated":true}]}}