{"id":407365,"date":"2026-06-05T12:17:22","date_gmt":"2026-06-05T12:17:22","guid":{"rendered":"https:\/\/www.europesays.com\/pt\/407365\/"},"modified":"2026-06-05T12:17:22","modified_gmt":"2026-06-05T12:17:22","slug":"sem-meias-palavras-bruno-savate-reage-a-confronto-entre-leandro-martins-e-pedro-jorge-esteve-certissimo","status":"publish","type":"post","link":"https:\/\/www.europesays.com\/pt\/407365\/","title":{"rendered":"Sem meias palavras, Bruno Savate reage a confronto entre Leandro Martins e Pedro Jorge: &#8220;Esteve cert\u00edssimo&#8221;"},"content":{"rendered":"<p>Entre <a href=\"https:\/\/selfie.iol.pt\/famosos\/desafio-final\/secret-story-pedro-jorge-e-leandro-martins-em-acesa-troca-de-palavras-tens-medo\/20260520\/6a0d8d55d34e28842c843e59\" rel=\"noopener noreferrer nofollow\" target=\"_blank\">Leandro Martins<\/a> e Pedro Jorge, Bruno Savate n\u00e3o tem d\u00favidas: o veterano dos reality shows da <a href=\"https:\/\/tvi.iol.pt\/\" rel=\"noopener noreferrer nofollow\" target=\"_blank\">TVI<\/a> posiciona-se ao lado do primeiro.<\/p>\n<p>Na emiss\u00e3o especial desta quarta-feira, dia 3, de &#8220;<a href=\"https:\/\/tvi.iol.pt\/secretstory\/\" rel=\"noopener noreferrer nofollow\" target=\"_blank\">Secret Story<\/a> &#8211; Desafio Final&#8221;, os dois concorrentes entraram num novo confronto e, no Instagram, Bruno Savate saiu em defesa de Leandro Martins, acabando indiretamente por criticar <a href=\"https:\/\/selfie.iol.pt\/famosos\/casa-dos-segredos\/pedro-jorge-trata-mal-as-mulheres-marisa-pires-tem-algo-a-dizer\/20260527\/6a171118d34e28842c848a8f\" rel=\"noopener noreferrer nofollow\" target=\"_blank\">Pedro Jorge<\/a>.<\/p>\n<p>&#8220;O Leandro tem toda a raz\u00e3o. Como sempre, esteve cert\u00edssimo e demonstrou, acima de tudo, humildade&#8221;, escreveu o nortenho, mostrando um excerto do frente-a-frente.<\/p>\n<p>Em jeito de remate, Bruno Savate dirigiu-se ao participante do programa da esta\u00e7\u00e3o de Queluz de Baixo: &#8220;Gosto muito de ti, meu amigo. Continua a ser essa pessoa genu\u00edna e fiel aos teus princ\u00edpios.&#8221;<\/p>\n<p>Veja, agora, os v\u00eddeos do confronto que mereceu uma rea\u00e7\u00e3o de Bruno Savate.<\/p>\n<p>  <img loading=\"lazy\" decoding=\"async\" alt=\"Bruno Savate elogia Leandro Martins e critica Pedro Jorge\" class=\"internal-pic\" height=\"888\" id=\"6a218a03d34e28842c84d42f\" src=\"https:\/\/www.europesays.com\/pt\/wp-content\/uploads\/2026\/06\/6a218a03d34e28842c84d42f.webp\" width=\"500\"\/> <\/p>\n","protected":false},"excerpt":{"rendered":"Entre Leandro Martins e Pedro Jorge, Bruno Savate n\u00e3o tem d\u00favidas: o veterano dos reality shows da TVI&hellip;\n","protected":false},"author":2,"featured_media":407366,"comment_status":"","ping_status":"","sticky":false,"template":"","format":"standard","meta":{"footnotes":"","_share_on_mastodon":"0"},"categories":[142],"tags":[1253,2632,15384,6338,328,15383,114,115,6309,980,1015,26373,619,21416,32,33,1014,1315,6985,15382,1012,6986,151,162],"class_list":["post-407365","post","type-post","status-publish","format-standard","has-post-thumbnail","category-tv","tag-bruno-savate","tag-casa-dos-segredos","tag-casa-dos-segredos-desafio-final","tag-concorrente","tag-concorrentes","tag-desafio-final","tag-entertainment","tag-entretenimento","tag-ex-concorrente","tag-famosos","tag-instagram","tag-leandro-martins","tag-nacional","tag-pedro-jorge","tag-portugal","tag-pt","tag-reality-show","tag-secret-story","tag-secret-story-casa-dos-segredos","tag-secret-story-desafio-final","tag-selfie","tag-ss","tag-tv","tag-tvi"],"share_on_mastodon":{"url":"https:\/\/pubeurope.com\/@pt\/116697461767403815","error":""},"_links":{"self":[{"href":"https:\/\/www.europesays.com\/pt\/wp-json\/wp\/v2\/posts\/407365","targetHints":{"allow":["GET"]}}],"collection":[{"href":"https:\/\/www.europesays.com\/pt\/wp-json\/wp\/v2\/posts"}],"about":[{"href":"https:\/\/www.europesays.com\/pt\/wp-json\/wp\/v2\/types\/post"}],"author":[{"embeddable":true,"href":"https:\/\/www.europesays.com\/pt\/wp-json\/wp\/v2\/users\/2"}],"replies":[{"embeddable":true,"href":"https:\/\/www.europesays.com\/pt\/wp-json\/wp\/v2\/comments?post=407365"}],"version-history":[{"count":0,"href":"https:\/\/www.europesays.com\/pt\/wp-json\/wp\/v2\/posts\/407365\/revisions"}],"wp:featuredmedia":[{"embeddable":true,"href":"https:\/\/www.europesays.com\/pt\/wp-json\/wp\/v2\/media\/407366"}],"wp:attachment":[{"href":"https:\/\/www.europesays.com\/pt\/wp-json\/wp\/v2\/media?parent=407365"}],"wp:term":[{"taxonomy":"category","embeddable":true,"href":"https:\/\/www.europesays.com\/pt\/wp-json\/wp\/v2\/categories?post=407365"},{"taxonomy":"post_tag","embeddable":true,"href":"https:\/\/www.europesays.com\/pt\/wp-json\/wp\/v2\/tags?post=407365"}],"curies":[{"name":"wp","href":"https:\/\/api.w.org\/{rel}","templated":true}]}}