{"id":407783,"date":"2026-06-05T18:57:58","date_gmt":"2026-06-05T18:57:58","guid":{"rendered":"https:\/\/www.europesays.com\/pt\/407783\/"},"modified":"2026-06-05T18:57:58","modified_gmt":"2026-06-05T18:57:58","slug":"estas-a-aleijar-me-apertaste-me-marisa-susana-e-joao-ricardo-em-momento-de-tensao-que-acabou-mal","status":"publish","type":"post","link":"https:\/\/www.europesays.com\/pt\/407783\/","title":{"rendered":"Est\u00e1s a aleijar-me, apertaste-me&#8221;: Marisa Susana e Jo\u00e3o Ricardo em momento de tens\u00e3o que &#8220;acabou mal"},"content":{"rendered":"<p>\t\t\t\t\t\t\t\t\t\t\t\t\t\tAo in\u00edcio da tarde desta quinta-feira, 4 de junho, Jo\u00e3o Ricardo tentou chegar a um trevo dourado que estava fechado no ch\u00e3o da despensa.<\/p>\n<p class=\"font-claude-response-body break-words whitespace-normal leading-[1.7]\">Marisa Susana n\u00e3o quis ficar de fora e tamb\u00e9m utilizou um conjunto de cart\u00f5es para tentar chegar \u00e0 pe\u00e7a, dando origem a um momento de grande tens\u00e3o que escalou rapidamente.<\/p>\n<p class=\"font-claude-response-body break-words whitespace-normal leading-[1.7]\">Jo\u00e3o Ricardo come\u00e7ou por tentar afastar a colega: <strong>\u201cOlha Marisa, p\u00e1ra Marisa\u201d<\/strong>.<\/p>\n<p class=\"font-claude-response-body break-words whitespace-normal leading-[1.7]\">Marisa Susana n\u00e3o gostou da forma como foi tratada e atirou: <strong>\u201cLarga-me o papel, olha, est\u00e1s a aleijar-me. Tu \u00e9 que est\u00e1s a ser tonto. Eu ia experimentar tamb\u00e9m. Eu estraguei o teu? N\u00e3o, tu \u00e9 que est\u00e1s a estragar as minhas coisas\u201d<\/strong>.<\/p>\n<p class=\"font-claude-response-body break-words whitespace-normal leading-[1.7]\"><strong>\u201cE aleijaste-me Jo\u00e3o, estou a falar a s\u00e9rio, aleijaste-me nos bra\u00e7os. Aleijaste-me, apertaste-me\u201d\u00a0<\/strong>\u2013 denunciou.<\/p>\n<p class=\"font-claude-response-body break-words whitespace-normal leading-[1.7]\">Jo\u00e3o Ricardo ironizou:<strong> \u201cVai ao confession\u00e1rio e pede a minha expuls\u00e3o\u201d<\/strong>.<\/p>\n<p class=\"font-claude-response-body break-words whitespace-normal leading-[1.7]\"><strong>\u201cFoi sem querer, mas aleijaste\u201d<\/strong> \u2013 rematou Marisa Susana.<\/p>\n<p><a href=\"https:\/\/tvi.iol.pt\/secretstory\/video\/azedou-marisa-susana-e-joao-ricardo-em-confronto-aleijaste-me\/6a214eff0cf27cac6fcf54f5\" rel=\"nofollow noopener\" target=\"_blank\">Veja o momento aqui.<\/a><\/p>\n","protected":false},"excerpt":{"rendered":"Ao in\u00edcio da tarde desta quinta-feira, 4 de junho, Jo\u00e3o Ricardo tentou chegar a um trevo dourado que&hellip;\n","protected":false},"author":2,"featured_media":407784,"comment_status":"","ping_status":"","sticky":false,"template":"","format":"standard","meta":{"footnotes":"","_share_on_mastodon":"0"},"categories":[8],"tags":[56564,27,28,1661,15,16,14,62154,25,26,21,22,19153,12,13,19,20,32,23,24,33,15382,35161,17,18,29,30,31],"class_list":["post-407783","post","type-post","status-publish","format-standard","has-post-thumbnail","category-principais-noticias","tag-azedou","tag-breaking-news","tag-breakingnews","tag-destaque","tag-featured-news","tag-featurednews","tag-headlines","tag-jou00e3o-ricardo","tag-latest-news","tag-latestnews","tag-main-news","tag-mainnews","tag-marisa-susana","tag-news","tag-noticias","tag-noticias-principais","tag-noticiasprincipais","tag-portugal","tag-principais-noticias","tag-principaisnoticias","tag-pt","tag-secret-story-desafio-final","tag-tensao","tag-top-stories","tag-topstories","tag-ultimas","tag-ultimas-noticias","tag-ultimasnoticias"],"share_on_mastodon":{"url":"https:\/\/pubeurope.com\/@pt\/116699038191421898","error":""},"_links":{"self":[{"href":"https:\/\/www.europesays.com\/pt\/wp-json\/wp\/v2\/posts\/407783","targetHints":{"allow":["GET"]}}],"collection":[{"href":"https:\/\/www.europesays.com\/pt\/wp-json\/wp\/v2\/posts"}],"about":[{"href":"https:\/\/www.europesays.com\/pt\/wp-json\/wp\/v2\/types\/post"}],"author":[{"embeddable":true,"href":"https:\/\/www.europesays.com\/pt\/wp-json\/wp\/v2\/users\/2"}],"replies":[{"embeddable":true,"href":"https:\/\/www.europesays.com\/pt\/wp-json\/wp\/v2\/comments?post=407783"}],"version-history":[{"count":0,"href":"https:\/\/www.europesays.com\/pt\/wp-json\/wp\/v2\/posts\/407783\/revisions"}],"wp:featuredmedia":[{"embeddable":true,"href":"https:\/\/www.europesays.com\/pt\/wp-json\/wp\/v2\/media\/407784"}],"wp:attachment":[{"href":"https:\/\/www.europesays.com\/pt\/wp-json\/wp\/v2\/media?parent=407783"}],"wp:term":[{"taxonomy":"category","embeddable":true,"href":"https:\/\/www.europesays.com\/pt\/wp-json\/wp\/v2\/categories?post=407783"},{"taxonomy":"post_tag","embeddable":true,"href":"https:\/\/www.europesays.com\/pt\/wp-json\/wp\/v2\/tags?post=407783"}],"curies":[{"name":"wp","href":"https:\/\/api.w.org\/{rel}","templated":true}]}}