{"id":40793,"date":"2025-08-22T21:19:08","date_gmt":"2025-08-22T21:19:08","guid":{"rendered":"https:\/\/www.europesays.com\/pt\/40793\/"},"modified":"2025-08-22T21:19:08","modified_gmt":"2025-08-22T21:19:08","slug":"arbitragem-casa-pia-sporting-com-nota-mais-alta-e-fc-porto-vitoria-chumbado-pela-fpf","status":"publish","type":"post","link":"https:\/\/www.europesays.com\/pt\/40793\/","title":{"rendered":"Arbitragem: Casa Pia-Sporting com nota mais alta e FC Porto-Vit\u00f3ria \u00abchumbado\u00bb pela FPF"},"content":{"rendered":"<p>O Conselho de Arbitragem (CA) da Federa\u00e7\u00e3o Portuguesa de Futebol avaliou o desempenho da arbitragem do Casa Pia-Sporting, da primeira jornada da Liga, como \u00abmuito satisfat\u00f3rio\u00bb &#8211; aprecia\u00e7\u00e3o mais elevada &#8211; e avaliou como \u00abinsatisfat\u00f3rio\u00bb o FC Porto-Vit\u00f3ria de Guimar\u00e3es, quer ao n\u00edvel da arbitragem, quer ao n\u00edvel da v\u00eddeoarbitragem.<\/p>\n<p>As aprecia\u00e7\u00f5es, numa nova iniciativa para esta \u00e9poca, foram divulgadas ao final da tarde desta sexta-feira, com a m\u00e9trica de \u00abmuito satisfat\u00f3rio\u00bb, \u00absatisfat\u00f3rio\u00bb e \u00abinsatisfat\u00f3rio\u00bb. A arbitragem de Gustavo Correia no Casa Pia-Sporting recebeu a avalia\u00e7\u00e3o mais elevada e houve tamb\u00e9m um \u00abmuito satisfat\u00f3rio\u00bb no Sp. Braga-Tondela, para a v\u00eddeoarbitragem, que teve como respons\u00e1vel Bruno Esteves.<\/p>\n<p>J\u00e1 no FC Porto-Vit\u00f3ria, a arbitragem de Ant\u00f3nio Nobre e tamb\u00e9m o VAR, liderado por Manuel Mota, tiveram a aprecia\u00e7\u00e3o mais baixa. Um \u00abinsatisfat\u00f3rio\u00bb foi tamb\u00e9m dado \u00e0 v\u00eddeoarbitragem do Famalic\u00e3o-Santa Clara, jogo que teve Manuel Oliveira no VAR.<\/p>\n<p>\u00abEsta divulga\u00e7\u00e3o ser\u00e1 sempre apresentada no site da FPF at\u00e9 duas semanas depois da realiza\u00e7\u00e3o de cada jornada\u00bb, informa a Liga, sendo que tal acontecer\u00e1 quer para a Liga, quer para a II Liga.<\/p>\n<p><strong>Liga \u2013 1.\u00aa Jornada<\/strong><\/p>\n<p>Casa Pia AC-Sporting CP<br \/>Arbitragem\u00a0&#8211;\u00a0Muito satisfat\u00f3rio<br \/>V\u00eddeoarbitragem &#8211; Satisfat\u00f3rio\u00a0<\/p>\n<p>CD Nacional-Gil Vicente FC<br \/>Arbitragem\u00a0&#8211;\u00a0Satisfat\u00f3rio<br \/>V\u00eddeoarbitragem &#8211;\u00a0Satisfat\u00f3rio<\/p>\n<p>FC Arouca-AFS<br \/>Arbitragem\u00a0&#8211;\u00a0Satisfat\u00f3rio<br \/>V\u00eddeoarbitragem &#8211;\u00a0Satisfat\u00f3rio\u00a0<\/p>\n<p>FC Famalic\u00e3o-CD Santa Clara<br \/>Arbitragem\u00a0&#8211;\u00a0Satisfat\u00f3rio<br \/>V\u00eddeoarbitragem &#8211;\u00a0Insatisfat\u00f3rio<\/p>\n<p>SC Braga-CD Tondela<br \/>Arbitragem\u00a0&#8211;\u00a0Satisfat\u00f3rio<br \/>V\u00eddeoarbitragem &#8211; Muito\u00a0satisfat\u00f3rio<\/p>\n<p>Moreirense FC-FC Alverca<br \/>Arbitragem\u00a0&#8211;\u00a0Satisfat\u00f3rio<br \/>V\u00eddeoarbitragem &#8211;\u00a0Satisfat\u00f3rio<\/p>\n<p>CF Estoril Praia-CF Estrela Amadora<br \/>Arbitragem\u00a0&#8211;\u00a0Satisfat\u00f3rio<br \/>V\u00eddeoarbitragem &#8211;\u00a0Satisfat\u00f3rio<\/p>\n<p>FC Porto-Vit\u00f3ria SC<br \/>Arbitragem\u00a0&#8211; Insatisfat\u00f3rio<br \/>V\u00eddeoarbitragem &#8211;\u00a0Insatisfat\u00f3rio\u00a0<\/p>\n<p><strong>II Liga \u2013 1.\u00aa Jornada<\/strong><\/p>\n<p>FC Pa\u00e7os de Ferreira-FC Vizela<br \/>Arbitragem\u00a0&#8211;\u00a0Satisfat\u00f3rio<br \/>V\u00eddeoarbitragem &#8211;\u00a0Satisfat\u00f3rio<\/p>\n<p>SCU Torreense-Sporting CP B<br \/>Arbitragem\u00a0&#8211;\u00a0Satisfat\u00f3rio<br \/>V\u00eddeoarbitragem &#8211;\u00a0Satisfat\u00f3rio<\/p>\n<p>Portimonense SC-FC Penafiel<br \/>Arbitragem\u00a0&#8211;\u00a0Satisfat\u00f3rio<br \/>V\u00eddeoarbitragem &#8211;\u00a0Satisfat\u00f3rio<\/p>\n<p>GD Chaves-SL Benfica B<br \/>Arbitragem\u00a0&#8211;\u00a0Satisfat\u00f3rio<br \/>V\u00eddeoarbitragem &#8211;\u00a0Satisfat\u00f3rio<\/p>\n<p>Mar\u00edtimo M.-Lus. Lourosa FC<br \/>Arbitragem\u00a0&#8211;\u00a0Insatisfat\u00f3rio<br \/>V\u00eddeoarbitragem &#8211;\u00a0Insatisfat\u00f3rio<\/p>\n<p>Leix\u00f5es SC-FC Felgueiras<br \/>Arbitragem\u00a0&#8211;\u00a0Insatisfat\u00f3rio<br \/>V\u00eddeoarbitragem &#8211;\u00a0Insatisfat\u00f3rio<\/p>\n<p>UD Leiria-Ac. Viseu FC<br \/>Arbitragem\u00a0&#8211;\u00a0Satisfat\u00f3rio<br \/>V\u00eddeoarbitragem &#8211;\u00a0Satisfat\u00f3rio<\/p>\n<p>FC Porto B-CD Feirense<br \/>Arbitragem\u00a0&#8211;\u00a0Satisfat\u00f3rio<br \/>V\u00eddeoarbitragem &#8211;\u00a0Satisfat\u00f3rio<\/p>\n<p>UD Oliveirense-SC Farense<br \/>Arbitragem\u00a0&#8211; Muito satisfat\u00f3rio<br \/>V\u00eddeoarbitragem &#8211;\u00a0Satisfat\u00f3rio<\/p>\n","protected":false},"excerpt":{"rendered":"O Conselho de Arbitragem (CA) da Federa\u00e7\u00e3o Portuguesa de Futebol avaliou o desempenho da arbitragem do Casa Pia-Sporting,&hellip;\n","protected":false},"author":2,"featured_media":40794,"comment_status":"","ping_status":"","sticky":false,"template":"","format":"standard","meta":{"footnotes":""},"categories":[87],"tags":[3266,12416,1529,12417,135,282,285,46,12418,32,33,47,34,134,2119],"class_list":{"0":"post-40793","1":"post","2":"type-post","3":"status-publish","4":"format-standard","5":"has-post-thumbnail","7":"category-desporto","8":"tag-arbitragem","9":"tag-arbitros","10":"tag-casa-pia","11":"tag-conselho-de-arbitragem","12":"tag-desporto","13":"tag-fc-porto","14":"tag-fpf","15":"tag-maisfutebol","16":"tag-notas-arbitros","17":"tag-portugal","18":"tag-pt","19":"tag-pura-paixao","20":"tag-sporting","21":"tag-sports","22":"tag-vitoria-guimaraes"},"share_on_mastodon":{"url":"","error":""},"_links":{"self":[{"href":"https:\/\/www.europesays.com\/pt\/wp-json\/wp\/v2\/posts\/40793","targetHints":{"allow":["GET"]}}],"collection":[{"href":"https:\/\/www.europesays.com\/pt\/wp-json\/wp\/v2\/posts"}],"about":[{"href":"https:\/\/www.europesays.com\/pt\/wp-json\/wp\/v2\/types\/post"}],"author":[{"embeddable":true,"href":"https:\/\/www.europesays.com\/pt\/wp-json\/wp\/v2\/users\/2"}],"replies":[{"embeddable":true,"href":"https:\/\/www.europesays.com\/pt\/wp-json\/wp\/v2\/comments?post=40793"}],"version-history":[{"count":0,"href":"https:\/\/www.europesays.com\/pt\/wp-json\/wp\/v2\/posts\/40793\/revisions"}],"wp:featuredmedia":[{"embeddable":true,"href":"https:\/\/www.europesays.com\/pt\/wp-json\/wp\/v2\/media\/40794"}],"wp:attachment":[{"href":"https:\/\/www.europesays.com\/pt\/wp-json\/wp\/v2\/media?parent=40793"}],"wp:term":[{"taxonomy":"category","embeddable":true,"href":"https:\/\/www.europesays.com\/pt\/wp-json\/wp\/v2\/categories?post=40793"},{"taxonomy":"post_tag","embeddable":true,"href":"https:\/\/www.europesays.com\/pt\/wp-json\/wp\/v2\/tags?post=40793"}],"curies":[{"name":"wp","href":"https:\/\/api.w.org\/{rel}","templated":true}]}}