{"id":408251,"date":"2026-06-06T04:09:29","date_gmt":"2026-06-06T04:09:29","guid":{"rendered":"https:\/\/www.europesays.com\/pt\/408251\/"},"modified":"2026-06-06T04:09:29","modified_gmt":"2026-06-06T04:09:29","slug":"fiocruz-aponta-aumento-de-sindromes-respiratorias-graves-em-todo-o-pais","status":"publish","type":"post","link":"https:\/\/www.europesays.com\/pt\/408251\/","title":{"rendered":"Fiocruz aponta aumento de s\u00edndromes respirat\u00f3rias graves em todo o pa\u00eds"},"content":{"rendered":"<p>O Brasil segue registrando aumento nos casos de S\u00edndrome Respirat\u00f3ria Aguda Grave (SRAG), de acordo com o boletim InfoGripe divulgado nesta semana pela Funda\u00e7\u00e3o Oswaldo Cruz (Fiocruz). Segundo a institui\u00e7\u00e3o, o crescimento \u00e9 impulsionado principalmente pelas interna\u00e7\u00f5es associadas ao v\u00edrus sincicial respirat\u00f3rio (VSR), al\u00e9m da influenza A e do rinov\u00edrus em algumas regi\u00f5es do Pa\u00eds.<\/p>\n<p>Os dados referem-se \u00e0 Semana Epidemiol\u00f3gica 21, correspondente ao per\u00edodo de 24 a 30 de maio. Conforme o levantamento, todas as unidades da Federa\u00e7\u00e3o apresentam incid\u00eancia de SRAG em n\u00edvel de alerta, risco ou alto risco nas \u00faltimas duas semanas. Em 18 estados, entre eles o Cear\u00e1, tamb\u00e9m foi identificada tend\u00eancia de crescimento dos casos nas \u00faltimas seis semanas.<\/p>\n<p>De acordo com a Fiocruz, os registros de SRAG relacionados ao VSR continuam aumentando em estados das regi\u00f5es Norte, Nordeste, Sudeste e Sul. O Cear\u00e1 est\u00e1 entre os estados nordestinos que apresentam crescimento dos casos graves associados ao v\u00edrus.<\/p>\n<p><img fetchpriority=\"high\" data-recalc-dims=\"1\" decoding=\"async\" class=\"size-full wp-image-215918\" src=\"https:\/\/www.europesays.com\/pt\/wp-content\/uploads\/2026\/06\/SRAG-em-Goias_-governo-decreta-emergencia-na-saude-publicaSRAG-em-Goia-1000x600-1.jpg\" alt=\"Fiocruz aponta aumento de s\u00edndromes respirat\u00f3rias graves em todo o Pa\u00eds\" width=\"800\" height=\"480\"  \/>Foto: Reprodu\u00e7\u00e3o<\/p>\n<p>O boletim aponta ainda que o rinov\u00edrus tem contribu\u00eddo para a eleva\u00e7\u00e3o dos casos de SRAG, especialmente entre crian\u00e7as e adolescentes. O Cear\u00e1 tamb\u00e9m figura entre os estados com aumento de ocorr\u00eancias associadas a esse agente viral. Em rela\u00e7\u00e3o \u00e0 Covid-19, os casos graves seguem em queda na maior parte do Brasil. No entanto, Cear\u00e1, Maranh\u00e3o e Par\u00e1 apresentam crescimento das ocorr\u00eancias relacionadas \u00e0 doen\u00e7a.<\/p>\n<p>Nas quatro \u00faltimas semanas epidemiol\u00f3gicas, o VSR foi respons\u00e1vel por 48,5% dos casos positivos de SRAG. O rinov\u00edrus representou 24,3% dos registros, enquanto a influenza A respondeu por 21,9%. Entre os \u00f3bitos com diagn\u00f3stico positivo para v\u00edrus respirat\u00f3rios no per\u00edodo, a influenza A correspondeu a 49% dos casos.<\/p>\n<p>Em 2026, j\u00e1 foram notificados 77.153 casos de SRAG no Pa\u00eds. Desse total, 37.153 tiveram resultado laboratorial positivo para algum v\u00edrus respirat\u00f3rio, enquanto 27.841 apresentaram resultado negativo. Outros 6.934 casos aguardavam conclus\u00e3o dos exames.<\/p>\n<p>A Fiocruz informa que a incid\u00eancia da s\u00edndrome permanece mais elevada entre crian\u00e7as pequenas, principalmente em raz\u00e3o da circula\u00e7\u00e3o do VSR. J\u00e1 a mortalidade \u00e9 maior entre idosos, grupo no qual a influenza A se destaca como principal causa dos \u00f3bitos.<\/p>\n<p>A pesquisadora Tatiana Portella, do Programa de Computa\u00e7\u00e3o Cient\u00edfica da Fiocruz, afirmou que a vacina\u00e7\u00e3o permanece como a principal medida de preven\u00e7\u00e3o contra casos graves e mortes causados por v\u00edrus respirat\u00f3rios, especialmente influenza, Covid-19 e VSR. Por isso, \u00e9 importante que os grupos eleg\u00edveis mantenham o esquema vacinal atualizado.<\/p>\n<p>Acompanhe mais not\u00edcias da <a href=\"https:\/\/anoticiadoceara-com-br.umbler.net\/rede-a-noticia\/\" rel=\"nofollow noopener\" target=\"_blank\"><strong>Rede ANC<\/strong><\/a> atrav\u00e9s do <a href=\"https:\/\/www.instagram.com\/anoticiadoceara\/\" rel=\"nofollow noopener\" target=\"_blank\"><strong>Instagram,<\/strong><\/a> <a href=\"https:\/\/open.spotify.com\/show\/5lsteJ0GmNLKZtylu4u0mf\" rel=\"nofollow noopener\" target=\"_blank\"><strong>Spotify<\/strong><\/a> ou da <a href=\"https:\/\/anoticiadoceara.com.br\/radio\/\" rel=\"nofollow noopener\" target=\"_blank\"><strong>R\u00e1dio ANC<\/strong><\/a>.<\/p>\n<p>\t\t\t\t<script async src=\"\/\/www.instagram.com\/embed.js\"><\/script><\/p>\n","protected":false},"excerpt":{"rendered":"O Brasil segue registrando aumento nos casos de S\u00edndrome Respirat\u00f3ria Aguda Grave (SRAG), de acordo com o boletim&hellip;\n","protected":false},"author":2,"featured_media":408252,"comment_status":"","ping_status":"","sticky":false,"template":"","format":"standard","meta":{"footnotes":"","_share_on_mastodon":"0"},"categories":[86],"tags":[22745,726,2807,116,32,33,117,14493],"class_list":["post-408251","post","type-post","status-publish","format-standard","has-post-thumbnail","category-saude","tag-boletim-infogripe","tag-brasil","tag-fiocruz","tag-health","tag-portugal","tag-pt","tag-saude","tag-sindrome-respiratoria-aguda-grave"],"share_on_mastodon":{"url":"https:\/\/pubeurope.com\/@pt\/116701204673945133","error":""},"_links":{"self":[{"href":"https:\/\/www.europesays.com\/pt\/wp-json\/wp\/v2\/posts\/408251","targetHints":{"allow":["GET"]}}],"collection":[{"href":"https:\/\/www.europesays.com\/pt\/wp-json\/wp\/v2\/posts"}],"about":[{"href":"https:\/\/www.europesays.com\/pt\/wp-json\/wp\/v2\/types\/post"}],"author":[{"embeddable":true,"href":"https:\/\/www.europesays.com\/pt\/wp-json\/wp\/v2\/users\/2"}],"replies":[{"embeddable":true,"href":"https:\/\/www.europesays.com\/pt\/wp-json\/wp\/v2\/comments?post=408251"}],"version-history":[{"count":0,"href":"https:\/\/www.europesays.com\/pt\/wp-json\/wp\/v2\/posts\/408251\/revisions"}],"wp:featuredmedia":[{"embeddable":true,"href":"https:\/\/www.europesays.com\/pt\/wp-json\/wp\/v2\/media\/408252"}],"wp:attachment":[{"href":"https:\/\/www.europesays.com\/pt\/wp-json\/wp\/v2\/media?parent=408251"}],"wp:term":[{"taxonomy":"category","embeddable":true,"href":"https:\/\/www.europesays.com\/pt\/wp-json\/wp\/v2\/categories?post=408251"},{"taxonomy":"post_tag","embeddable":true,"href":"https:\/\/www.europesays.com\/pt\/wp-json\/wp\/v2\/tags?post=408251"}],"curies":[{"name":"wp","href":"https:\/\/api.w.org\/{rel}","templated":true}]}}