{"id":40882,"date":"2025-08-22T22:42:37","date_gmt":"2025-08-22T22:42:37","guid":{"rendered":"https:\/\/www.europesays.com\/pt\/40882\/"},"modified":"2025-08-22T22:42:37","modified_gmt":"2025-08-22T22:42:37","slug":"ator-passa-mal-ao-vivo-e-revela-fobia-alimentar-inusitada","status":"publish","type":"post","link":"https:\/\/www.europesays.com\/pt\/40882\/","title":{"rendered":"Ator passa mal ao vivo e revela fobia alimentar inusitada"},"content":{"rendered":"<p>                    <img decoding=\"async\" src=\"https:\/\/www.europesays.com\/pt\/wp-content\/uploads\/2025\/08\/Screenshot_20250610_115855_Chrome.jpg\" loading=\"lazy\" alt=\"Seja em sua forma bruta ou transformado em molhos, sucos e ketchups, o tomate \u00e9 um alimento vers\u00e1til, presente em diversas culin\u00e1rias pelo mundo, sobretudo a brasileira e italiana. Rico em nutrientes e funcional, este fruto traz benef\u00edcios importantes \u00e0 sa\u00fade. Confira!-Pixabay\" width=\"685\" height=\"470\"\/><\/p>\n<p>&#13;<br \/>\n                    Seja em sua forma bruta ou transformado em molhos, sucos e ketchups, o tomate \u00e9 um alimento vers\u00e1til, presente em diversas culin\u00e1rias pelo mundo, sobretudo a brasileira e italiana. Rico em nutrientes e funcional, este fruto traz benef\u00edcios importantes \u00e0 sa\u00fade. Confira! Pixabay&#13;\n                <\/p>\n<p>                    <img decoding=\"async\" src=\"https:\/\/www.europesays.com\/pt\/wp-content\/uploads\/2025\/08\/Screenshot_20250610_115803_Chrome.jpg\" loading=\"lazy\" alt=\"Nativo da Cordilheira dos Andes, em regi\u00f5es de elevada altitude, que v\u00e3o desde o norte do Chile at\u00e9 o Equador, o tomate era cultivado pelos povos ind\u00edgenas, como os Incas, Maias e Astecas. -Pixabay\" width=\"685\" height=\"470\"\/><\/p>\n<p>&#13;<br \/>\n                    Nativo da Cordilheira dos Andes, em regi\u00f5es de elevada altitude, que v\u00e3o desde o norte do Chile at\u00e9 o Equador, o tomate era cultivado pelos povos ind\u00edgenas, como os Incas, Maias e Astecas.  Pixabay&#13;\n                <\/p>\n<p>                    <img decoding=\"async\" src=\"https:\/\/www.europesays.com\/pt\/wp-content\/uploads\/2025\/08\/Screenshot_20250610_115747_Chrome.jpg\" loading=\"lazy\" alt=\"A palavra &quot;tomate&quot; tem origem na l\u00edngua nahuatl, falada pelos astecas, que o chamavam de &quot;tomatl&quot;. Da sua fam\u00edlia (Solan\u00e1ceas), fazem tamb\u00e9m parte as berinjelas, as pimentas e os piment\u00f5es.-Pixabay\" width=\"685\" height=\"470\"\/><\/p>\n<p>&#13;<br \/>\n                    A palavra &#8220;tomate&#8221; tem origem na l\u00edngua nahuatl, falada pelos astecas, que o chamavam de &#8220;tomatl&#8221;. Da sua fam\u00edlia (Solan\u00e1ceas), fazem tamb\u00e9m parte as berinjelas, as pimentas e os piment\u00f5es. Pixabay&#13;\n                <\/p>\n<p>                    <img decoding=\"async\" src=\"https:\/\/www.europesays.com\/pt\/wp-content\/uploads\/2025\/08\/Screenshot_20250610_115449_Chrome.jpg\" loading=\"lazy\" alt=\"Com o tempo, a culin\u00e1ria europeia passou a incorporar o tomate em seus pratos, especialmente na It\u00e1lia (s\u00e9culo XVI), onde foi batizado de &quot;pomodoro&quot; (ma\u00e7\u00e3 de ouro).-Pixabay\" width=\"685\" height=\"470\"\/><\/p>\n<p>&#13;<br \/>\n                    Com o tempo, a culin\u00e1ria europeia passou a incorporar o tomate em seus pratos, especialmente na It\u00e1lia (s\u00e9culo XVI), onde foi batizado de &#8220;pomodoro&#8221; (ma\u00e7\u00e3 de ouro). Pixabay&#13;\n                <\/p>\n<p>                    <img decoding=\"async\" src=\"https:\/\/www.europesays.com\/pt\/wp-content\/uploads\/2025\/08\/Screenshot_20250610_115907_Chrome.jpg\" loading=\"lazy\" alt=\"Dessa forma, a culin\u00e1ria italiana revolucionou o uso do tomate (do tomateiro), transformando-o em um ingrediente fundamental em molhos, massas, pizzas e diversas outras prepara\u00e7\u00f5es.-Pixabay\" width=\"685\" height=\"470\"\/><\/p>\n<p>&#13;<br \/>\n                    Dessa forma, a culin\u00e1ria italiana revolucionou o uso do tomate (do tomateiro), transformando-o em um ingrediente fundamental em molhos, massas, pizzas e diversas outras prepara\u00e7\u00f5es. Pixabay&#13;\n                <\/p>\n<p>                    <img decoding=\"async\" src=\"https:\/\/www.europesays.com\/pt\/wp-content\/uploads\/2025\/08\/Screenshot_20250610_115824_Chrome.jpg\" loading=\"lazy\" alt=\"Os italianos, ent\u00e3o, desenvolveram t\u00e9cnicas de conserva\u00e7\u00e3o e processamento do tomate, que se tornaram refer\u00eancia mundial. -Pixabay\" width=\"685\" height=\"470\"\/><\/p>\n<p>&#13;<br \/>\n                    Os italianos, ent\u00e3o, desenvolveram t\u00e9cnicas de conserva\u00e7\u00e3o e processamento do tomate, que se tornaram refer\u00eancia mundial.  Pixabay&#13;\n                <\/p>\n<p>                    <img decoding=\"async\" src=\"https:\/\/www.europesays.com\/pt\/wp-content\/uploads\/2025\/08\/Screenshot_20250610_115456_Chrome.jpg\" loading=\"lazy\" alt=\"Com a dissemina\u00e7\u00e3o da culin\u00e1ria italiana e, mais tarde, a crescente popularidade do cinema, o tomate seguiu em diferentes culturas e passou a ser cada vez mais relevante em outros estilos de cozinhas.-Pixabay\" width=\"685\" height=\"470\"\/><\/p>\n<p>&#13;<br \/>\n                    Com a dissemina\u00e7\u00e3o da culin\u00e1ria italiana e, mais tarde, a crescente popularidade do cinema, o tomate seguiu em diferentes culturas e passou a ser cada vez mais relevante em outros estilos de cozinhas. Pixabay&#13;\n                <\/p>\n<p>                    <img decoding=\"async\" src=\"https:\/\/www.europesays.com\/pt\/wp-content\/uploads\/2025\/08\/Screenshot_20250610_115439_Chrome.jpg\" loading=\"lazy\" alt=\"No Brasil, o tomate foi introduzido no final do s\u00e9culo XIX por imigrantes europeus, tendo o seu cultivo se iniciado no in\u00edcio do s\u00e9culo XX, em Pernambuco. -Pixabay\" width=\"685\" height=\"470\"\/><\/p>\n<p>&#13;<br \/>\n                    No Brasil, o tomate foi introduzido no final do s\u00e9culo XIX por imigrantes europeus, tendo o seu cultivo se iniciado no in\u00edcio do s\u00e9culo XX, em Pernambuco.  Pixabay&#13;\n                <\/p>\n<p>                    <img decoding=\"async\" src=\"https:\/\/www.europesays.com\/pt\/wp-content\/uploads\/2025\/08\/tomato-1205699_1280.jpg\" loading=\"lazy\" alt=\"Trata-se de um fruto, uma vez que \u00c3\u00a9 o produto do desenvolvimento do ov\u00c3\u00a1rio e do \u00c3\u00b3vulo da flor, formando o pericarpo e as sementes, respectivamente, ap\u00c3\u00b3s a fecunda\u00c3\u00a7\u00c3\u00a3o.-Imagem de ha11ok por Pixabay\" width=\"685\" height=\"470\"\/><\/p>\n<p>&#13;<br \/>\n                    Trata-se de um fruto, uma vez que \u00c3\u00a9 o produto do desenvolvimento do ov\u00c3\u00a1rio e do \u00c3\u00b3vulo da flor, formando o pericarpo e as sementes, respectivamente, ap\u00c3\u00b3s a fecunda\u00c3\u00a7\u00c3\u00a3o. Imagem de ha11ok por Pixabay&#13;\n                <\/p>\n<p>                    <img decoding=\"async\" src=\"https:\/\/www.europesays.com\/pt\/wp-content\/uploads\/2025\/08\/tomato-1862857_1280.jpg\" loading=\"lazy\" alt=\"As plantas crescem tipicamente entre 1-3 metros de altura e desenvolvem hastes fracas que se estendem sobre o ch\u00e3o ou por cima de outras plantas. Elas s\u00e3o perenes no seu habitat nativo, embora sejam muitas vezes cultivadas em climas temperados como anual.-Imagem de Mauro Borghesi por Pixabay&#10;&#10;\" width=\"685\" height=\"470\"\/><\/p>\n<p>&#13;<br \/>\n                    As plantas crescem tipicamente entre 1-3 metros de altura e desenvolvem hastes fracas que se estendem sobre o ch\u00e3o ou por cima de outras plantas. Elas s\u00e3o perenes no seu habitat nativo, embora sejam muitas vezes cultivadas em climas temperados como anual. Imagem de Mauro Borghesi por Pixabay<\/p>\n<p>&#13;\n                <\/p>\n<p>                    <img decoding=\"async\" src=\"https:\/\/www.europesays.com\/pt\/wp-content\/uploads\/2025\/08\/tomatoes-417104_1280.jpg\" loading=\"lazy\" alt=\"O tomate oferece diversos benef\u00edcios para a sa\u00fade devido \u00e0 sua riqueza em nutrientes, como vitaminas, minerais e, principalmente, o licopeno, um poderoso antioxidante, que protege as c\u00e9lulas contra os danos causados pelos radicais livres.-Imagem de Niek Verlaan por Pixabay\" width=\"685\" height=\"470\"\/><\/p>\n<p>&#13;<br \/>\n                    O tomate oferece diversos benef\u00edcios para a sa\u00fade devido \u00e0 sua riqueza em nutrientes, como vitaminas, minerais e, principalmente, o licopeno, um poderoso antioxidante, que protege as c\u00e9lulas contra os danos causados pelos radicais livres. Imagem de Niek Verlaan por Pixabay&#13;\n                <\/p>\n<p>                    <img decoding=\"async\" src=\"https:\/\/www.europesays.com\/pt\/wp-content\/uploads\/2025\/08\/Screenshot_20250610_115433_Chrome.jpg\" loading=\"lazy\" alt=\"A vitamina A presente no tomate \u00e9 importante para a manuten\u00e7\u00e3o da vis\u00e3o e pode ajudar a prevenir doen\u00e7as oculares relacionadas \u00e0 idade, como a degenera\u00e7\u00e3o macular. -Pixabay\" width=\"685\" height=\"470\"\/><\/p>\n<p>&#13;<br \/>\n                    A vitamina A presente no tomate \u00e9 importante para a manuten\u00e7\u00e3o da vis\u00e3o e pode ajudar a prevenir doen\u00e7as oculares relacionadas \u00e0 idade, como a degenera\u00e7\u00e3o macular.  Pixabay&#13;\n                <\/p>\n<p>                    <img decoding=\"async\" src=\"https:\/\/www.europesays.com\/pt\/wp-content\/uploads\/2025\/08\/vegetables-2203302_1280.jpg\" loading=\"lazy\" alt=\"O tomate \u00e9 rico em fibras, que auxiliam na digest\u00e3o e na preven\u00e7\u00e3o de problemas como constipa\u00e7\u00e3o, assim como pode ajudar a regular os n\u00edveis de a\u00e7\u00facar no sangue, especialmente para pessoas diab\u00e9ticas.-Imagem de Christo Anestev por Pixabay&#10;&#10;\" width=\"685\" height=\"470\"\/><\/p>\n<p>&#13;<br \/>\n                    O tomate \u00e9 rico em fibras, que auxiliam na digest\u00e3o e na preven\u00e7\u00e3o de problemas como constipa\u00e7\u00e3o, assim como pode ajudar a regular os n\u00edveis de a\u00e7\u00facar no sangue, especialmente para pessoas diab\u00e9ticas. Imagem de Christo Anestev por Pixabay<\/p>\n<p>&#13;\n                <\/p>\n<p>                    <img decoding=\"async\" src=\"https:\/\/www.europesays.com\/pt\/wp-content\/uploads\/2025\/08\/2148917716-e1717682040728.jpg\" loading=\"lazy\" alt=\"Assim, a vitamina C presente no tomate fortalece o sistema imunol\u00f3gico, ajudando o corpo a combater infec\u00e7\u00f5es e v\u00edrus. O lipoceno, por sua vez, ajuda a proteger a pele contra os danos causados pelo sol e a minimizar os efeitos est\u00e9ticos da radia\u00e7\u00e3o ultravioleta. -freepik\" width=\"685\" height=\"470\"\/><\/p>\n<p>&#13;<br \/>\n                    Assim, a vitamina C presente no tomate fortalece o sistema imunol\u00f3gico, ajudando o corpo a combater infec\u00e7\u00f5es e v\u00edrus. O lipoceno, por sua vez, ajuda a proteger a pele contra os danos causados pelo sol e a minimizar os efeitos est\u00e9ticos da radia\u00e7\u00e3o ultravioleta.  freepik&#13;\n                <\/p>\n<p>                    <img decoding=\"async\" src=\"https:\/\/www.europesays.com\/pt\/wp-content\/uploads\/2025\/08\/Screenshot_20250610_115512_Chrome.jpg\" loading=\"lazy\" alt=\"Estudos mostram que o consumo de tomate e seus produtos est\u00e3o associados a menor incid\u00eancia de c\u00e2ncer de pr\u00f3stata, pulm\u00e3o e est\u00f4mago. De acordo com o peri\u00f3dico Frontiers in Nutrition, a ingest\u00e3o do licopeno est\u00e1 relacionado \u00e0 diminui\u00e7\u00e3o do risco da doen\u00e7a.-Pixabay\" width=\"685\" height=\"470\"\/><\/p>\n<p>&#13;<br \/>\n                    Estudos mostram que o consumo de tomate e seus produtos est\u00e3o associados a menor incid\u00eancia de c\u00e2ncer de pr\u00f3stata, pulm\u00e3o e est\u00f4mago. De acordo com o peri\u00f3dico Frontiers in Nutrition, a ingest\u00e3o do licopeno est\u00e1 relacionado \u00e0 diminui\u00e7\u00e3o do risco da doen\u00e7a. Pixabay&#13;\n                <\/p>\n<p>                    <img decoding=\"async\" src=\"https:\/\/www.europesays.com\/pt\/wp-content\/uploads\/2025\/08\/Screenshot_20250610_115445_Chrome.jpg\" loading=\"lazy\" alt=\"O licopeno e o betacaroteno contribuem para a redu\u00e7\u00e3o do colesterol ruim (LDL) e do risco de doen\u00e7as card\u00edacas. Este primeiro \u00e9 considerado um nutrac\u00eautico, isto \u00e9, um componente alimentar que pode ser isolado e usado como suplemento.-Pixabay\" width=\"685\" height=\"470\"\/><\/p>\n<p>&#13;<br \/>\n                    O licopeno e o betacaroteno contribuem para a redu\u00e7\u00e3o do colesterol ruim (LDL) e do risco de doen\u00e7as card\u00edacas. Este primeiro \u00e9 considerado um nutrac\u00eautico, isto \u00e9, um componente alimentar que pode ser isolado e usado como suplemento. Pixabay&#13;\n                <\/p>\n<p>                    <img decoding=\"async\" src=\"https:\/\/www.europesays.com\/pt\/wp-content\/uploads\/2025\/08\/Screenshot_20250610_115733_Chrome.jpg\" loading=\"lazy\" alt=\"O tomate \u00e9 um fruto rico em vitamina C, A, K e possui quantidade significativa de pot\u00e1ssio, que contribui para a vasodilata\u00e7\u00e3o e ajuda a reduzir a press\u00e3o arterial.-Pixabay\" width=\"685\" height=\"470\"\/><\/p>\n<p>&#13;<br \/>\n                    O tomate \u00e9 um fruto rico em vitamina C, A, K e possui quantidade significativa de pot\u00e1ssio, que contribui para a vasodilata\u00e7\u00e3o e ajuda a reduzir a press\u00e3o arterial. Pixabay&#13;\n                <\/p>\n<p>                    <img decoding=\"async\" src=\"https:\/\/www.europesays.com\/pt\/wp-content\/uploads\/2025\/08\/tomatoes-769999_1280.jpg\" loading=\"lazy\" alt=\"Este fruto melhora o suporte proteico para ganho de massa muscular e forma\u00e7\u00e3o da estrutura do beb\u00ea, em gestantes. Por possuir pot\u00e1ssio, ele ajuda a prevenir a pr\u00e9-ecl\u00e2mpsia, que pode causar convuls\u00e3o e outras s\u00e9rias complica\u00e7\u00f5es.-Imagem de Niek Verlaan por Pixabay\" width=\"685\" height=\"470\"\/><\/p>\n<p>&#13;<br \/>\n                    Este fruto melhora o suporte proteico para ganho de massa muscular e forma\u00e7\u00e3o da estrutura do beb\u00ea, em gestantes. Por possuir pot\u00e1ssio, ele ajuda a prevenir a pr\u00e9-ecl\u00e2mpsia, que pode causar convuls\u00e3o e outras s\u00e9rias complica\u00e7\u00f5es. Imagem de Niek Verlaan por Pixabay&#13;\n                <\/p>\n<p>                    <img decoding=\"async\" src=\"https:\/\/www.europesays.com\/pt\/wp-content\/uploads\/2025\/08\/Screenshot_20250610_115741_Chrome.jpg\" loading=\"lazy\" alt=\"Para aqueles que t\u00eam alergia a este fruto, devem evitar o consumo do tomate verde, pois ele possui uma subst\u00e2ncia que se chama solanina. Ela pode provocar sintomas como diarreia, v\u00f4mitos e outros dist\u00farbios gastrointestinais.-Pixabay\" width=\"685\" height=\"470\"\/><\/p>\n<p>&#13;<br \/>\n                    Para aqueles que t\u00eam alergia a este fruto, devem evitar o consumo do tomate verde, pois ele possui uma subst\u00e2ncia que se chama solanina. Ela pode provocar sintomas como diarreia, v\u00f4mitos e outros dist\u00farbios gastrointestinais. Pixabay&#13;\n                <\/p>\n<p>                    <img decoding=\"async\" src=\"https:\/\/www.europesays.com\/pt\/wp-content\/uploads\/2025\/08\/Screenshot_20250610_115916_Chrome.jpg\" loading=\"lazy\" alt=\"\u00c9 um alimento bastante vers\u00e1til que pode ser consumido em receitas doces e salgadas. Mas tamb\u00e9m \u00e9 um dos ingredientes principais em saladas de todos os tipos. Ele tamb\u00e9m pode se transformar em sua forma l\u00edquida, com saborosos sucos e sopas. -Pixabay\" width=\"685\" height=\"470\"\/><\/p>\n<p>&#13;<br \/>\n                    \u00c9 um alimento bastante vers\u00e1til que pode ser consumido em receitas doces e salgadas. Mas tamb\u00e9m \u00e9 um dos ingredientes principais em saladas de todos os tipos. Ele tamb\u00e9m pode se transformar em sua forma l\u00edquida, com saborosos sucos e sopas.  Pixabay&#13;\n                <\/p>\n<p>                    <img decoding=\"async\" src=\"https:\/\/www.europesays.com\/pt\/wp-content\/uploads\/2025\/08\/Screenshot_20250610_115647_Chrome.jpg\" loading=\"lazy\" alt=\"Os tomates secos perdem a maior parte do seu teor de \u00e1gua depois de passarem pela secagem. Eles s\u00e3o geralmente pr\u00e9-tratados com di\u00f3xido de enxofre ou sal antes de serem expostos ao sol para melhorar a cor e a apar\u00eancia e se tornaram iguarias da culin\u00e1ria mundial.-Pixabay\" width=\"685\" height=\"470\"\/><\/p>\n<p>&#13;<br \/>\n                    Os tomates secos perdem a maior parte do seu teor de \u00e1gua depois de passarem pela secagem. Eles s\u00e3o geralmente pr\u00e9-tratados com di\u00f3xido de enxofre ou sal antes de serem expostos ao sol para melhorar a cor e a apar\u00eancia e se tornaram iguarias da culin\u00e1ria mundial. Pixabay&#13;\n                <\/p>\n<p>                    <img decoding=\"async\" src=\"https:\/\/www.europesays.com\/pt\/wp-content\/uploads\/2025\/08\/Screenshot_20250610_120125_Chrome.jpg\" loading=\"lazy\" alt=\"A origem do ketchup tem ra\u00edzes antigas, a come\u00e7ar na China com um molho de peixe fermentado, chamado &quot;ke-tchup&quot;.\u00a0No s\u00e9culo XVII, a ideia chegou \u00e0 Inglaterra, onde se tornou popular, utilizando cogumelos, ostras, pepinos e nozes.-Pixabay\" width=\"685\" height=\"470\"\/><\/p>\n<p>&#13;<br \/>\n                    A origem do ketchup tem ra\u00edzes antigas, a come\u00e7ar na China com um molho de peixe fermentado, chamado &#8220;ke-tchup&#8221;.\u00a0No s\u00e9culo XVII, a ideia chegou \u00e0 Inglaterra, onde se tornou popular, utilizando cogumelos, ostras, pepinos e nozes. Pixabay&#13;\n                <\/p>\n<p>                    <img decoding=\"async\" src=\"https:\/\/www.europesays.com\/pt\/wp-content\/uploads\/2025\/08\/IMG-20250602-WA0005.jpg\" loading=\"lazy\" alt=\"Nos Estados Unidos, em 1812, James Mease registrou a primeira receita de ketchup \u00e0 base de tomate. Na \u00e9poca, Heinz foi na contram\u00e3o de outros que usavam conservantes e focou na colheita de frutos mais maduros para dar cor ao molho, que se tornou popular. &#10;&#10;-Imagem gerada por i.a \" width=\"685\" height=\"470\"\/><\/p>\n<p>&#13;<br \/>\n                    Nos Estados Unidos, em 1812, James Mease registrou a primeira receita de ketchup \u00e0 base de tomate. Na \u00e9poca, Heinz foi na contram\u00e3o de outros que usavam conservantes e focou na colheita de frutos mais maduros para dar cor ao molho, que se tornou popular. <\/p>\n<p> Imagem gerada por i.a &#13;\n                <\/p>\n<p>                    <img decoding=\"async\" src=\"https:\/\/www.europesays.com\/pt\/wp-content\/uploads\/2025\/08\/Screenshot_20250610_120054_Chrome.jpg\" loading=\"lazy\" alt=\"Em primeiro de fevereiro, \u00e9 celebrado o dia do tomate, um dos ingredientes mais amados da gastronomia mundial. A maior incid\u00eancia deste alimento \u00e9 em massas, cachorros quentes e pizzas, seja na sua forma concreta ou como ketchup.-Pixabay\" width=\"685\" height=\"470\"\/><\/p>\n<p>&#13;<br \/>\n                    Em primeiro de fevereiro, \u00e9 celebrado o dia do tomate, um dos ingredientes mais amados da gastronomia mundial. A maior incid\u00eancia deste alimento \u00e9 em massas, cachorros quentes e pizzas, seja na sua forma concreta ou como ketchup. Pixabay&#13;\n                <\/p>\n<p>                    <img decoding=\"async\" src=\"https:\/\/www.europesays.com\/pt\/wp-content\/uploads\/2025\/08\/Screenshot_20250610_115255_Chrome.jpg\" loading=\"lazy\" alt=\"Os tomates carmem, holand\u00eas, d\u00e9bora, cereja, sweet grape, pera e caqui, por exemplo, s\u00e3o excelentes op\u00e7\u00f5es para a salada do dia a dia. -Pixabay\" width=\"685\" height=\"470\"\/><\/p>\n<p>&#13;<br \/>\n                    Os tomates carmem, holand\u00eas, d\u00e9bora, cereja, sweet grape, pera e caqui, por exemplo, s\u00e3o excelentes op\u00e7\u00f5es para a salada do dia a dia.  Pixabay&#13;\n                <\/p>\n","protected":false},"excerpt":{"rendered":"&#13; Seja em sua forma bruta ou transformado em molhos, sucos e ketchups, o tomate \u00e9 um alimento&hellip;\n","protected":false},"author":2,"featured_media":40883,"comment_status":"","ping_status":"","sticky":false,"template":"","format":"standard","meta":{"footnotes":""},"categories":[145],"tags":[211,210,315,114,115,12420,32,33],"class_list":{"0":"post-40882","1":"post","2":"type-post","3":"status-publish","4":"format-standard","5":"has-post-thumbnail","7":"category-celebridades","8":"tag-celebridades","9":"tag-celebrities","10":"tag-cultura","11":"tag-entertainment","12":"tag-entretenimento","13":"tag-fobia","14":"tag-portugal","15":"tag-pt"},"share_on_mastodon":{"url":"","error":""},"_links":{"self":[{"href":"https:\/\/www.europesays.com\/pt\/wp-json\/wp\/v2\/posts\/40882","targetHints":{"allow":["GET"]}}],"collection":[{"href":"https:\/\/www.europesays.com\/pt\/wp-json\/wp\/v2\/posts"}],"about":[{"href":"https:\/\/www.europesays.com\/pt\/wp-json\/wp\/v2\/types\/post"}],"author":[{"embeddable":true,"href":"https:\/\/www.europesays.com\/pt\/wp-json\/wp\/v2\/users\/2"}],"replies":[{"embeddable":true,"href":"https:\/\/www.europesays.com\/pt\/wp-json\/wp\/v2\/comments?post=40882"}],"version-history":[{"count":0,"href":"https:\/\/www.europesays.com\/pt\/wp-json\/wp\/v2\/posts\/40882\/revisions"}],"wp:featuredmedia":[{"embeddable":true,"href":"https:\/\/www.europesays.com\/pt\/wp-json\/wp\/v2\/media\/40883"}],"wp:attachment":[{"href":"https:\/\/www.europesays.com\/pt\/wp-json\/wp\/v2\/media?parent=40882"}],"wp:term":[{"taxonomy":"category","embeddable":true,"href":"https:\/\/www.europesays.com\/pt\/wp-json\/wp\/v2\/categories?post=40882"},{"taxonomy":"post_tag","embeddable":true,"href":"https:\/\/www.europesays.com\/pt\/wp-json\/wp\/v2\/tags?post=40882"}],"curies":[{"name":"wp","href":"https:\/\/api.w.org\/{rel}","templated":true}]}}