{"id":408963,"date":"2026-06-06T22:12:11","date_gmt":"2026-06-06T22:12:11","guid":{"rendered":"https:\/\/www.europesays.com\/pt\/408963\/"},"modified":"2026-06-06T22:12:11","modified_gmt":"2026-06-06T22:12:11","slug":"milhares-de-pessoas-marcharam-em-lisboa-pelos-direitos-lgbti-e-contra-retrocessos-direitos-humanos","status":"publish","type":"post","link":"https:\/\/www.europesays.com\/pt\/408963\/","title":{"rendered":"Milhares de pessoas marcharam em Lisboa pelos direitos LGBTI+ e contra retrocessos | Direitos humanos"},"content":{"rendered":"<p>Milhares de pessoas juntaram-se este s\u00e1bado, em Lisboa, numa marcha pelos <a href=\"https:\/\/www.publico.pt\/2026\/03\/24\/sociedade\/noticia\/pais-governado-chega-ja-nao-aqui-lei-identidade-genero-opoe-mae-filho-2168847\" target=\"_self\" rel=\"nofollow noopener\">direitos <\/a>LGBTI+, contra o risco de retrocessos. Com o lema &#8220;Nem Sil\u00eancio, Nem Medo: Existimos e Resistimos&#8221;, a 27.\u00aa Marcha do Orgulho LGBTI+ (L\u00e9sbicas, Gays, Bissexuais, Transg\u00e9nero, Intersexo e outras identidades) come\u00e7ou no Marqu\u00eas de Pombal, em Lisboa, pelas 17h.<\/p>\n<p>Ao som dos tambores, os manifestantes come\u00e7aram a descida da avenida enquanto agitavam bandeiras n\u00e3o s\u00f3 com as cores do arco-\u00edris, mas tamb\u00e9m v\u00e1rias outras combina\u00e7\u00f5es que representam as comunidades. Liam-se cartazes como &#8220;ideologia \u00e9 revogar leis de 2018 contra todos os pareceres cient\u00edficos&#8221;, &#8220;em cada rosto, igualdade&#8221; e &#8220;o amor das minhas m\u00e3es merece ser celebrado, n\u00e3o explicado&#8221;.<\/p>\n<p>A Comiss\u00e3o Organizadora da marcha lembrou, em comunicado, que &#8220;a nova conjuntura pol\u00edtica&#8221; a que se assiste &#8220;volta a colocar as pessoas e fam\u00edlias LGBTQI+ em <a href=\"https:\/\/www.publico.pt\/2026\/05\/17\/sociedade\/reportagem\/exorcismos-agressoes-culpa-trauma-terapias-conversao-2175018\" target=\"_self\" rel=\"nofollow noopener\">perigo<\/a>, com sinais de que as conquistas das \u00faltimas d\u00e9cadas est\u00e3o hoje em risco de retrocessos&#8221;.<\/p>\n<p>&#8220;Num ano em que as pessoas LGBTQIA+, especialmente as pessoas trans e de g\u00e9nero diverso, t\u00eam sido atacadas sem qualquer pudor, com tentativas de revers\u00e3o de direitos adquiridos, no que seria o primeiro retrocesso a n\u00edvel de Direitos Humanos desde o 25 de Abril, e em que, pela primeira vez, ao fim de d\u00e9cadas, Lisboa n\u00e3o ter\u00e1 o Arraial Pride em Junho, a import\u00e2ncia desta manifesta\u00e7\u00e3o \u00e9 incontest\u00e1vel e s\u00edmbolo de orgulho e de luta da comunidade, das suas fam\u00edlias e pessoas aliadas&#8221;, l\u00ea-se na nota.<\/p>\n<p>Helder B\u00e9rtolo, da Comiss\u00e3o Organizadora da Marcha do Orgulho, deu exemplos do que considera como risco de revers\u00e3o de direitos. &#8220;Tivemos uma tentativa no Parlamento de revogar a Lei 38 de 2018&#8221;, que \u00e9 a lei que estabelece o direito \u00e0 autodetermina\u00e7\u00e3o da identidade de g\u00e9nero e express\u00e3o de g\u00e9nero. &#8220;Espero que isso n\u00e3o se concretize, mas \u00e9 importante as pessoas estarem aqui a falar, a celebrar e tamb\u00e9m a reivindicar.&#8221;<\/p>\n<p>Hugo Silva, m\u00e9dico que se juntou \u00e0 marcha, considerou que, este ano, &#8220;com a ascens\u00e3o da extrema-direita e com o discurso de \u00f3dio, mais importante que nunca \u00e9 estar aqui a marcar posi\u00e7\u00e3o, at\u00e9 por todos os outros que tamb\u00e9m n\u00e3o podem c\u00e1 estar e que n\u00e3o podem falar&#8221;.<\/p>\n<p>J\u00e1 Mert Yilmaz, guia tur\u00edstico turco, contou \u00e0 Lusa que esta foi a primeira vez que se juntou \u00e0 marcha em Portugal, mas que j\u00e1 tinha participado em eventos semelhantes noutros pa\u00edses. E lembrou que &#8220;ainda h\u00e1 pessoas que foram mortas ou acusadas por causa da sua sexualidade, por causa da sua identidade&#8221;. &#8220;Estamos aqui porque estamos a lutar por amor e direitos iguais, n\u00e3o mais, n\u00e3o menos&#8221;, defendeu.<\/p>\n<p>Sandra Cardoso, gerente comercial, tamb\u00e9m j\u00e1 tinha participado em marchas no Brasil. Agora que veio morar para Portugal decidiu juntar-se ao evento, em nome de um &#8220;mundo mais aberto&#8221;.<\/p>\n<p>Enquanto acompanhava os milhares de manifestantes, muitos com leques coloridos que tamb\u00e9m serviam como &#8220;instrumento&#8221; de som para acompanhar a m\u00fasica, o professor universit\u00e1rio Jo\u00e3o Oliveira disse \u00e0 Lusa que tem marcado presen\u00e7a em todas as marchas de orgulho LGBTQI+ e que tem notado que o n\u00famero de pessoas tem aumentado ano ap\u00f3s ano. &#8220;Quando h\u00e1 partidos com ideologias fascistas presentes na esfera da democracia, \u00e9 natural que estes n\u00fameros aumentem precisamente para reivindicar mais espa\u00e7os de democracia.&#8221;<\/p>\n<p>Paulo Muacho, deputado do Livre, tamb\u00e9m esteve presente. &#8220;Este ano \u00e9 mais importante do que nunca marcar presen\u00e7a nesta marcha e em todas as marchas pelo pa\u00eds, porque neste momento temos uma direita ainda mais radicalizada, uma direita que escolheu as pessoas LGBT como o seu alvo de ataque e que est\u00e1 a querer retirar direitos.&#8221;<\/p>\n<p>Joana Mort\u00e1gua, do Bloco de Esquerda, sinalizou, por seu lado, ser com tristeza que v\u00ea que &#8220;esta \u00e9 a primeira marcha em muitos anos num contexto de recuo de direitos, com um Governo que tem uma agenda conservadora, que entendeu fazer uma guerra aos direitos, a todos os direitos sociais&#8221;.<\/p>\n<p>&#8220;Isso v\u00ea-se nos direitos das mulheres no pacote laboral, v\u00ea-se no recuo dos direitos dos trabalhadores, v\u00ea-se <a href=\"https:\/\/www.publico.pt\/2026\/04\/17\/politica\/noticia\/parlamento-proibe-bandeiras-ideologicas-partidarias-associativas-edificios-publicos-2171608\" target=\"_self\" rel=\"nofollow noopener\">na proibi\u00e7\u00e3o de bandeiras<\/a>, na forma como os direitos dos jovens LGBT est\u00e3o a recuar nas escolas, mas tamb\u00e9m no ataque aos direitos&#8221;, argumentou, reiterando que os manifestantes vieram \u00e0 marcha para dizer que resistem juntos.<\/p>\n<p>A marcha contou com a participa\u00e7\u00e3o de 17 associa\u00e7\u00f5es e colectivos com interven\u00e7\u00e3o pol\u00edtica na \u00e1rea LGBTI+, feminista e antirracista.<\/p>\n","protected":false},"excerpt":{"rendered":"Milhares de pessoas juntaram-se este s\u00e1bado, em Lisboa, numa marcha pelos direitos LGBTI+, contra o risco de retrocessos.&hellip;\n","protected":false},"author":2,"featured_media":408964,"comment_status":"","ping_status":"","sticky":false,"template":"","format":"standard","meta":{"footnotes":"","_share_on_mastodon":"0"},"categories":[10],"tags":[27,28,787,3026,15,16,14,36632,41219,25,26,64514,21,22,12,13,19,20,32,23,24,33,1338,58,17,18,29,30,31],"class_list":["post-408963","post","type-post","status-publish","format-standard","has-post-thumbnail","category-portugal","tag-breaking-news","tag-breakingnews","tag-causas","tag-direitos-humanos","tag-featured-news","tag-featurednews","tag-headlines","tag-homossexualidade","tag-identidade-de-genero","tag-latest-news","tag-latestnews","tag-lgbtqi","tag-main-news","tag-mainnews","tag-news","tag-noticias","tag-noticias-principais","tag-noticiasprincipais","tag-portugal","tag-principais-noticias","tag-principaisnoticias","tag-pt","tag-questoes-sociais","tag-sociedade","tag-top-stories","tag-topstories","tag-ultimas","tag-ultimas-noticias","tag-ultimasnoticias"],"share_on_mastodon":{"url":"","error":"Validation failed: Text character limit of 500 exceeded"},"_links":{"self":[{"href":"https:\/\/www.europesays.com\/pt\/wp-json\/wp\/v2\/posts\/408963","targetHints":{"allow":["GET"]}}],"collection":[{"href":"https:\/\/www.europesays.com\/pt\/wp-json\/wp\/v2\/posts"}],"about":[{"href":"https:\/\/www.europesays.com\/pt\/wp-json\/wp\/v2\/types\/post"}],"author":[{"embeddable":true,"href":"https:\/\/www.europesays.com\/pt\/wp-json\/wp\/v2\/users\/2"}],"replies":[{"embeddable":true,"href":"https:\/\/www.europesays.com\/pt\/wp-json\/wp\/v2\/comments?post=408963"}],"version-history":[{"count":0,"href":"https:\/\/www.europesays.com\/pt\/wp-json\/wp\/v2\/posts\/408963\/revisions"}],"wp:featuredmedia":[{"embeddable":true,"href":"https:\/\/www.europesays.com\/pt\/wp-json\/wp\/v2\/media\/408964"}],"wp:attachment":[{"href":"https:\/\/www.europesays.com\/pt\/wp-json\/wp\/v2\/media?parent=408963"}],"wp:term":[{"taxonomy":"category","embeddable":true,"href":"https:\/\/www.europesays.com\/pt\/wp-json\/wp\/v2\/categories?post=408963"},{"taxonomy":"post_tag","embeddable":true,"href":"https:\/\/www.europesays.com\/pt\/wp-json\/wp\/v2\/tags?post=408963"}],"curies":[{"name":"wp","href":"https:\/\/api.w.org\/{rel}","templated":true}]}}