{"id":410081,"date":"2026-06-07T23:54:11","date_gmt":"2026-06-07T23:54:11","guid":{"rendered":"https:\/\/www.europesays.com\/pt\/410081\/"},"modified":"2026-06-07T23:54:11","modified_gmt":"2026-06-07T23:54:11","slug":"uau-cristina-ferreira-aposta-em-vestido-irreverente-e-rouba-todas-as-atencoes-secret-story","status":"publish","type":"post","link":"https:\/\/www.europesays.com\/pt\/410081\/","title":{"rendered":"Uau! Cristina Ferreira aposta em vestido irreverente e rouba todas as aten\u00e7\u00f5es &#8211; Secret Story"},"content":{"rendered":"<p>Cristina Ferreira voltou a ser um dos grandes destaques da gala do &#8220;Secret Story \u2013 Desafio Final&#8221; deste domingo. A apresentadora da TVI surgiu em est\u00fadio com <a href=\"https:\/\/tvi.iol.pt\/secretstory\/fotos\/o-look-fora-de-caixa-de-cristina-ferreira-em-mais-uma-gala-do-desafio-final\/6a25dae3d34edcee7c650893\" rel=\"nofollow noopener\" target=\"_blank\">uma escolha de moda arrojada e sofisticada<\/a>, provando uma vez mais porque continua a ser uma das maiores refer\u00eancias de estilo da televis\u00e3o portuguesa.<\/p>\n<p>Para mais uma noite de emo\u00e7\u00f5es fortes, <a href=\"https:\/\/tvi.iol.pt\/secretstory\/fotos\/cristina-ferreira-deslumbra-na-cor-da-paz-as-imagens-do-look-de-cortar-a-respiracao\/6a1ca19bd34edcee7c64cb07\" rel=\"nofollow noopener\" target=\"_blank\">Cristina Ferreira apostou num vestido curto<\/a> em tom castanho chocolate, uma das cores tend\u00eancia da esta\u00e7\u00e3o. A pe\u00e7a destacou-se sobretudo pelo impressionante trabalho de volumes na zona do decote, composto por grandes folhos estruturados que conferiram um efeito dram\u00e1tico e altamente elegante.\u00a0<\/p>\n<p>\u00a0<\/p>\n<p>O vestido, de linhas modernas e silhueta ajustada, permitiu \u00e0 comunicadora evidenciar a sua excelente forma f\u00edsica, enquanto as sand\u00e1lias de tiras delicadas complementaram o visual de forma discreta, deixando o protagonismo totalmente entregue \u00e0 cria\u00e7\u00e3o.<\/p>\n<p>Nas fotografias partilhadas nas redes sociais, Cristina Ferreira mostrou-se confiante e divertida, posando perante a c\u00e2mara com a naturalidade que j\u00e1 habituou os seus seguidores. O penteado puxado para tr\u00e1s e a maquilhagem luminosa contribu\u00edram para um resultado final harmonioso e sofisticado.<\/p>\n<blockquote class=\"instagram-media\" data-instgrm-captioned=\"\" data-instgrm-permalink=\"https:\/\/www.instagram.com\/p\/DZTH7YGjGvp\/?utm_source=ig_embed&amp;utm_campaign=loading\" data-instgrm-version=\"14\" style=\" background:#FFF; border:0; border-radius:3px; box-shadow:0 0 1px 0 rgba(0,0,0,0.5),0 1px 10px 0 rgba(0,0,0,0.15); margin: 1px; max-width:540px; min-width:326px; padding:0; width:99.375%; width:-webkit-calc(100% - 2px); width:calc(100% - 2px);\">\n<\/blockquote>\n<p>\u00a0<\/p>\n<p>Como acontece frequentemente, os elogios n\u00e3o tardaram a chegar. Os f\u00e3s encheram as caixas de coment\u00e1rios com rea\u00e7\u00f5es positivas, destacando a eleg\u00e2ncia, a ousadia e a capacidade da apresentadora para surpreender semana ap\u00f3s semana com escolhas cada vez mais marcantes.<\/p>\n<p>Enquanto dentro da casa mais vigiada do pa\u00eds os concorrentes lutam pela perman\u00eancia no jogo, c\u00e1 fora Cristina Ferreira continua a conquistar aten\u00e7\u00f5es, transformando cada gala do &#8220;Secret Story \u2013 Desafio Final&#8221; numa verdadeira passerelle de moda.<\/p>\n<p>Uma coisa \u00e9 certa: mais uma vez, a apresentadora n\u00e3o passou despercebida. Percorra a galeria de fotografias que prepar\u00e1mos para si e veja o look impressionante.\u00a0<\/p>\n<p>                        <script async src=\"\/\/www.instagram.com\/embed.js\"><\/script><\/p>\n","protected":false},"excerpt":{"rendered":"Cristina Ferreira voltou a ser um dos grandes destaques da gala do &#8220;Secret Story \u2013 Desafio Final&#8221; deste&hellip;\n","protected":false},"author":2,"featured_media":410082,"comment_status":"","ping_status":"","sticky":false,"template":"","format":"standard","meta":{"footnotes":"","_share_on_mastodon":"0"},"categories":[145],"tags":[50764,2632,51473,211,210,328,166,114,115,332,330,4319,3448,32,33,1315,6985,50761,8174,50763,50766,162],"class_list":["post-410081","post","type-post","status-publish","format-standard","has-post-thumbnail","category-celebridades","tag-botao-dos-segredos","tag-casa-dos-segredos","tag-casa-mais-vigiada-do-pais","tag-celebridades","tag-celebrities","tag-concorrentes","tag-cristina-ferreira","tag-entertainment","tag-entretenimento","tag-expulso","tag-gala","tag-look","tag-nomeados","tag-portugal","tag-pt","tag-secret-story","tag-secret-story-casa-dos-segredos","tag-secret-story-2026","tag-segredos","tag-segredos-secret-story","tag-sondagem-secret-story","tag-tvi"],"share_on_mastodon":{"url":"https:\/\/pubeurope.com\/@pt\/116711526645685995","error":""},"_links":{"self":[{"href":"https:\/\/www.europesays.com\/pt\/wp-json\/wp\/v2\/posts\/410081","targetHints":{"allow":["GET"]}}],"collection":[{"href":"https:\/\/www.europesays.com\/pt\/wp-json\/wp\/v2\/posts"}],"about":[{"href":"https:\/\/www.europesays.com\/pt\/wp-json\/wp\/v2\/types\/post"}],"author":[{"embeddable":true,"href":"https:\/\/www.europesays.com\/pt\/wp-json\/wp\/v2\/users\/2"}],"replies":[{"embeddable":true,"href":"https:\/\/www.europesays.com\/pt\/wp-json\/wp\/v2\/comments?post=410081"}],"version-history":[{"count":0,"href":"https:\/\/www.europesays.com\/pt\/wp-json\/wp\/v2\/posts\/410081\/revisions"}],"wp:featuredmedia":[{"embeddable":true,"href":"https:\/\/www.europesays.com\/pt\/wp-json\/wp\/v2\/media\/410082"}],"wp:attachment":[{"href":"https:\/\/www.europesays.com\/pt\/wp-json\/wp\/v2\/media?parent=410081"}],"wp:term":[{"taxonomy":"category","embeddable":true,"href":"https:\/\/www.europesays.com\/pt\/wp-json\/wp\/v2\/categories?post=410081"},{"taxonomy":"post_tag","embeddable":true,"href":"https:\/\/www.europesays.com\/pt\/wp-json\/wp\/v2\/tags?post=410081"}],"curies":[{"name":"wp","href":"https:\/\/api.w.org\/{rel}","templated":true}]}}