{"id":410105,"date":"2026-06-08T00:22:16","date_gmt":"2026-06-08T00:22:16","guid":{"rendered":"https:\/\/www.europesays.com\/pt\/410105\/"},"modified":"2026-06-08T00:22:16","modified_gmt":"2026-06-08T00:22:16","slug":"negocio-fechado-altice-vende-francesa-sfr-por-204-mil-milhoes-a-concorrentes-telecomunicacoes","status":"publish","type":"post","link":"https:\/\/www.europesays.com\/pt\/410105\/","title":{"rendered":"Neg\u00f3cio fechado. Altice vende francesa SFR por 20,4 mil milh\u00f5es a concorrentes &#8211; Telecomunica\u00e7\u00f5es"},"content":{"rendered":"<p class=\"\">&#13;<br \/>\n        Um cons\u00f3rcio de empresas francesas de telecomunica\u00e7\u00f5es, liderado pela Bouygues, chegou a acordo para adquirir a SFR, de Patrick Drahi, <b>num neg\u00f3cio que avalia a segunda maior operadora m\u00f3vel do pa\u00eds em 20,4 mil milh\u00f5es de euros.<\/b>&#13;\n    <\/p>\n<p class=\"\">&#13;<br \/>\n        A Bouygues Telecom, a Orange e o Grupo Free\u2013Iliad assinaram um memorando de entendimento com a Altice France para adquirir a SFR e dividir os seus ativos e clientes. <b>O neg\u00f3cio est\u00e1 sujeito ainda a aprova\u00e7\u00e3o dos reguladores europeus<\/b>, mas o cons\u00f3rcio espera fechar a documenta\u00e7\u00e3o no segundo semestre deste ano, com conclus\u00e3o prevista para o segundo semestre de 2027.&#13;\n    <\/p>\n<p class=\"\">&#13;<br \/>\n        A concretizar-se, <b>a venda eliminar\u00e1 um dos principais operadores m\u00f3veis do mercado franc\u00eas<\/b>, uma vez que a Bouygues, a Iliad e a Orange pretendem dividir os ativos e clientes da SFR, <b>reduzindo o n\u00famero de quatro para tr\u00eas grandes empresas<\/b>. <a href=\"https:\/\/www.jornaldenegocios.pt\/empresas\/telecomunicacoes\/detalhe\/drahi-esta-em-negociacoes-exclusivas-com-operadores-franceses-para-venda-da-sfr\" target=\"_self\" rel=\"tag nofollow noopener\">Desde meados de abril que Drahi estava em negocia\u00e7\u00f5es exclusivas com o cons\u00f3rcio.<\/a>&#13;\n    <\/p>\n<p class=\"\">&#13;<br \/>\n        O neg\u00f3cio ser\u00e1 tamb\u00e9m um teste \u00e0 regula\u00e7\u00e3o europeia. Os grupos europeus de telecomunica\u00e7\u00f5es t\u00eam, desde h\u00e1 v\u00e1rios anos, vindo a pressionar para que as regras de fus\u00e3o da Uni\u00e3o Europeia sejam flexibilizadas, argumentando que a concorr\u00eancia intensa limita a sua capacidade de gerar receita para investir em novas infraestruturas, tais como o 5G, redes de fibra \u00f3tica e centros de dados. &#13;\n    <\/p>\n<p class=\"\">&#13;<br \/>\n        O acordo deve ser submetido a uma an\u00e1lise aprofundada pelas autoridades da concorr\u00eancia para avaliar \u201cas suas consequ\u00eancias no mercado, a diversidade da oferta, bem como o equil\u00edbrio concorrencial\u00bb, afirmou este domingo o ministro franc\u00eas da Economia, Roland Lescure, em comunicado. \u201cAcompanharemos esta opera\u00e7\u00e3o com grande aten\u00e7\u00e3o, para garantir que as quest\u00f5es essenciais s\u00e3o plenamente tidas em conta: a preserva\u00e7\u00e3o duradoura do emprego, o impacto nos pre\u00e7os para os consumidores e a manuten\u00e7\u00e3o dos investimentos de longo prazo nas redes por parte das operadoras.\u201d&#13;\n    <\/p>\n<p class=\"\">&#13;<br \/>\n        <b>Nos termos do acordo, a Bouygues pagar\u00e1 42% do valor da SFR<\/b>, ficando com a unidade das empresas, a MVNO Prixtel e a rede m\u00f3vel da SFR em zonas de menor densidade do pa\u00eds, entre outros ativos. <b>A Iliad, que pagar\u00e1 31%<\/b>, ficar\u00e1 com os 6 milh\u00f5es de clientes RED da SFR, bem como parte do neg\u00f3cio de pequenas empresas. <b>A Orange, que pagar\u00e1 27%,<\/b> ficar\u00e1 com parte da unidade business-to-consumer da SFR, bem como com os 4,9 milh\u00f5es de clientes MVNO das marcas R\u00e9gio, Syma e Coriolis (baixo custo). &#13;\n    <\/p>\n<p class=\"\">&#13;<br \/>\n        O cons\u00f3rcio tem estado em negocia\u00e7\u00f5es com Drahi h\u00e1 meses, depois de o milion\u00e1rio ter rejeitado ofertas anteriores. Drahi recusou uma oferta de 17 mil milh\u00f5es de euros em outubro, insistindo num valor acima dos 20 mil milh\u00f5es de euros. O objetivo do empres\u00e1rio \u00e9 angariar fundos para reduzir o endividamento do grupo de telecomunica\u00e7\u00f5es, ap\u00f3s anos de aquisi\u00e7\u00f5es financiadas por d\u00edvida. &#13;\n    <\/p>\n<p class=\"\">&#13;<br \/>\n        O grupo Altice est\u00e1 presente em Portugal atrav\u00e9s da MEO.&#13;\n    <\/p>\n","protected":false},"excerpt":{"rendered":"&#13; Um cons\u00f3rcio de empresas francesas de telecomunica\u00e7\u00f5es, liderado pela Bouygues, chegou a acordo para adquirir a SFR,&hellip;\n","protected":false},"author":2,"featured_media":410106,"comment_status":"","ping_status":"","sticky":false,"template":"","format":"standard","meta":{"footnotes":"","_share_on_mastodon":"0"},"categories":[8],"tags":[27,28,2384,15,16,208,14,58207,25,26,21,22,59487,16648,64456,12,13,19,20,50361,32,23,24,33,50362,17,18,29,30,31],"class_list":["post-410105","post","type-post","status-publish","format-standard","has-post-thumbnail","category-principais-noticias","tag-breaking-news","tag-breakingnews","tag-empresa","tag-featured-news","tag-featurednews","tag-franca","tag-headlines","tag-iliad-italia","tag-latest-news","tag-latestnews","tag-main-news","tag-mainnews","tag-mil-milhoes-de-euros","tag-milhoes","tag-milhoes-de-euros","tag-news","tag-noticias","tag-noticias-principais","tag-noticiasprincipais","tag-patrick-drahi","tag-portugal","tag-principais-noticias","tag-principaisnoticias","tag-pt","tag-sfr","tag-top-stories","tag-topstories","tag-ultimas","tag-ultimas-noticias","tag-ultimasnoticias"],"share_on_mastodon":{"url":"","error":"Validation failed: Text character limit of 500 exceeded"},"_links":{"self":[{"href":"https:\/\/www.europesays.com\/pt\/wp-json\/wp\/v2\/posts\/410105","targetHints":{"allow":["GET"]}}],"collection":[{"href":"https:\/\/www.europesays.com\/pt\/wp-json\/wp\/v2\/posts"}],"about":[{"href":"https:\/\/www.europesays.com\/pt\/wp-json\/wp\/v2\/types\/post"}],"author":[{"embeddable":true,"href":"https:\/\/www.europesays.com\/pt\/wp-json\/wp\/v2\/users\/2"}],"replies":[{"embeddable":true,"href":"https:\/\/www.europesays.com\/pt\/wp-json\/wp\/v2\/comments?post=410105"}],"version-history":[{"count":0,"href":"https:\/\/www.europesays.com\/pt\/wp-json\/wp\/v2\/posts\/410105\/revisions"}],"wp:featuredmedia":[{"embeddable":true,"href":"https:\/\/www.europesays.com\/pt\/wp-json\/wp\/v2\/media\/410106"}],"wp:attachment":[{"href":"https:\/\/www.europesays.com\/pt\/wp-json\/wp\/v2\/media?parent=410105"}],"wp:term":[{"taxonomy":"category","embeddable":true,"href":"https:\/\/www.europesays.com\/pt\/wp-json\/wp\/v2\/categories?post=410105"},{"taxonomy":"post_tag","embeddable":true,"href":"https:\/\/www.europesays.com\/pt\/wp-json\/wp\/v2\/tags?post=410105"}],"curies":[{"name":"wp","href":"https:\/\/api.w.org\/{rel}","templated":true}]}}