{"id":410190,"date":"2026-06-08T03:16:17","date_gmt":"2026-06-08T03:16:17","guid":{"rendered":"https:\/\/www.europesays.com\/pt\/410190\/"},"modified":"2026-06-08T03:16:17","modified_gmt":"2026-06-08T03:16:17","slug":"o-perigo-invisivel-particulas-toxicas-de-incendios-florestais-viajam-muito-mais-longe-do-que-voce-imagina","status":"publish","type":"post","link":"https:\/\/www.europesays.com\/pt\/410190\/","title":{"rendered":"O perigo invis\u00edvel: Part\u00edculas t\u00f3xicas de inc\u00eandios florestais viajam muito mais longe do que voc\u00ea imagina"},"content":{"rendered":"<p> <img decoding=\"async\" fetchpriority=\"high\" src=\"https:\/\/www.europesays.com\/pt\/wp-content\/uploads\/2026\/06\/hasta-donde-viajan-las-particulas-toxicas-de-los-incendios-forestales-las-nanoparticulas-permanencen.jpeg\"  width=\"768\" height=\"432\" alt=\"O fumo dos inc\u00eandios florestais cont\u00e9m part\u00edculas que s\u00e3o muito prejudiciais para a sa\u00fade e que permanecem no ar durante muito tempo. Al\u00e9m disso, estas part\u00edculas s\u00e3o transportadas com relativa facilidade.\" data-image=\"ich0vp2szgt7\"\/>O fumo dos inc\u00eandios florestais cont\u00e9m part\u00edculas que s\u00e3o muito prejudiciais para a sa\u00fade e que permanecem no ar durante muito tempo. Al\u00e9m disso, estas part\u00edculas s\u00e3o transportadas com relativa facilidade.   <img decoding=\"async\" fetchpriority=\"high\" src=\"https:\/\/www.europesays.com\/pt\/wp-content\/uploads\/2026\/06\/1780888576_989_pedro-de-la-fuente.jpg\" alt=\"Pedro de la Fuente\" width=\"40\" height=\"40\"\/>    <a class=\"nombre text-hv\" href=\"https:\/\/www.tempo.com\/autor\/pedro-de-la-fuente\/\" title=\"Pedro de la Fuente\" rel=\"nofollow noopener\" target=\"_blank\">Pedro de la Fuente<\/a> Meteored Espanha        07\/06\/2026 19:33   6 min   <\/p>\n<p>Todos sabemos que, quando um grande inc\u00eandio florestal assola uma regi\u00e3o, toda a aten\u00e7\u00e3o costuma centrar-se no avan\u00e7o do fogo, nas evacua\u00e7\u00f5es e nos danos materiais, mas <strong>os impactos permanecem por muito mais tempo e, em muitos casos, n\u00e3o s\u00e3o vis\u00edveis<\/strong>, tal como comprovado por v\u00e1rios estudos recentes.<\/p>\n<p>Um deles foi realizado por um grupo de engenheiros civis da Universidade da Calif\u00f3rnia, que conseguiram demonstrar como certas part\u00edculas t\u00f3xicas geradas ap\u00f3s os inc\u00eandios <strong>podem permanecer suspensas no ar durante meses e deslocar-se muito mais longe do que se pensava inicialmente<\/strong>.<\/p>\n<p>Neste caso, os cientistas <strong>analisaram a qualidade do ar ap\u00f3s os inc\u00eandios devastadores que afetaram v\u00e1rias zonas da \u00e1rea de Los Angeles em 2025 <\/strong>e detetaram a presen\u00e7a prolongada de nanopart\u00edculas de cromo hexavalente, uma subst\u00e2ncia conhecida pelos seus efeitos nocivos para a sa\u00fade humana.<\/p>\n<p>O que s\u00e3o nanopart\u00edculas e por que preocupam os cientistas?<\/p>\n<p><strong>As nanopart\u00edculas s\u00e3o part\u00edculas extremamente pequenas, milhares de vezes mais finas do que um fio de cabelo humano <\/strong>e esse \u00e9 o principal problema. Gra\u00e7as ao seu tamanho min\u00fasculo, podem<strong> penetrar profundamente nos pulm\u00f5es<\/strong> e at\u00e9 chegar \u00e0 corrente sangu\u00ednea, distribuindo-se por diferentes \u00f3rg\u00e3os do corpo.<\/p>\n<blockquote class=\"twitter-tweet\">\n<p lang=\"en\" dir=\"ltr\">: 2025 wildfires were the costliest on record despite burning 16% less land.<\/p>\n<p>335 million hectares burned (16% below average)<br \/>Insured losses: 38% of ALL natural hazard losses globally<br \/>300,000+ evacuations | 90+ deaths<br \/>Worst-hit: North America, Europe, South <a href=\"https:\/\/t.co\/pIyGFtqFwN\" rel=\"nofollow\">pic.twitter.com\/pIyGFtqFwN<\/a><\/p>\n<p>\u2014 Insights | Integration\ufe0f (@con_nectinder) <a href=\"https:\/\/x.com\/con_nectinder\/status\/2062561262672941304?ref_src=twsrc%5Etfw\" rel=\"nofollow\">June 4, 2026<\/a><\/p><\/blockquote>\n<p>Os investigadores encontraram part\u00edculas de cr\u00f3mio numa forma qu\u00edmica particularmente preocupante, como \u00e9 <strong>o cr\u00f3mio hexavalente, tamb\u00e9m conhecido como cr\u00f3mio-6<\/strong>, uma subst\u00e2ncia classificada como cancer\u00edgena e associada a doen\u00e7as respirat\u00f3rias.<\/p>\n<p>Estas part\u00edculas podem viajar at\u00e9 15 quil\u00f4metros<\/p>\n<p>Os modelos atmosf\u00e9ricos utilizados pelos investigadores indicam que <strong>as<\/strong> <strong>nanopart\u00edculas puderam deslocar-se entre 10 e 15 quil\u00f4metros<\/strong> a partir das \u00e1reas afetadas pelos inc\u00eandios, pelo que locais situados relativamente longe do foco do inc\u00eandio poder\u00e3o ter estado expostos a concentra\u00e7\u00f5es elevadas de poluentes sem que as pessoas tivessem consci\u00eancia disso.<\/p>\n<p>A capacidade destas part\u00edculas de permanecerem em suspens\u00e3o durante longos per\u00edodos facilita <strong>o seu transporte pelo vento, alargando consideravelmente a \u00e1rea de influ\u00eancia de um inc\u00eandio<\/strong>.<\/p>\n<p>Permanecem no ar muito mais tempo do que o esperado<\/p>\n<p>Os cientistas detetaram n\u00edveis elevados destas part\u00edculas mesmo dois meses ap\u00f3s os inc\u00eandios terem sido completamente extintos. Embora as concentra\u00e7\u00f5es tenham diminu\u00eddo progressivamente com o passar do tempo, a investiga\u00e7\u00e3o conclui que <strong>n\u00e3o regressaram aos n\u00edveis habituais at\u00e9 aproximadamente oito meses ap\u00f3s o inc\u00eandio<\/strong>.<\/p>\n<blockquote class=\"twitter-tweet\">\n<p lang=\"es\" dir=\"ltr\">\u00bfPor qu\u00e9 la gesti\u00f3n forestal? Las emisiones extraordinarias de CO2 en Espa\u00f1a, consecuencia de los incendios forestales de este verano, han disparado los niveles de carbono de 2025 en nuestro pa\u00eds por encima de los 5,5 millones de toneladas, superando los de los \u00faltimos 20 a\u00f1os. <a href=\"https:\/\/t.co\/hx3MbnfStN\" rel=\"nofollow\">pic.twitter.com\/hx3MbnfStN<\/a><\/p>\n<p>\u2014 Gabriel A. Guti\u00e9rrez Tejada (@Abies_gabriel) <a href=\"https:\/\/x.com\/Abies_gabriel\/status\/1970697007871205510?ref_src=twsrc%5Etfw\" rel=\"nofollow\">September 24, 2025<\/a><\/p><\/blockquote>\n<p>Isto p\u00f5e em evid\u00eancia que os riscos ambientais associados a um inc\u00eandio florestal <strong>podem prolongar-se durante grande parte do ano seguinte ao evento<\/strong>.<\/p>\n<p>Os inc\u00eandios urbanos geram poluentes mais nocivos<\/p>\n<p>V\u00e1rios estudos demonstram como os inc\u00eandios que afetam zonas onde coexistem \u00e1reas naturais e urbanas <strong>apresentam riscos adicionais e muito graves<\/strong>.<\/p>\n<p><img decoding=\"async\" fetchpriority=\"low\" class=\"lazy \" src=\"https:\/\/www.europesays.com\/pt\/wp-content\/uploads\/2026\/06\/1780888577_433_hasta-donde-viajan-las-particulas-toxicas-de-los-incendios-forestales-las-nanoparticulas-permanencen.jpeg\"  width=\"768\" height=\"432\" alt=\"Os inc\u00eandios florestais transformam-se em inc\u00eandios de outra natureza quando afetam as infraestruturas.\" data-image=\"f9dnj93s6m4c\"\/>Os inc\u00eandios florestais transformam-se em inc\u00eandios de outra natureza quando afetam as infraestruturas.<\/p>\n<p>Quando o fogo atinge habita\u00e7\u00f5es, instala\u00e7\u00f5es industriais ou diversas infraestruturas, <strong>a combust\u00e3o gera uma liberta\u00e7\u00e3o muito mais completa de subst\u00e2ncias qu\u00edmicas<\/strong> do que a gerada pela vegeta\u00e7\u00e3o.<\/p>\n<p>Tais como, <strong>metais pesados, compostos org\u00e2nicos t\u00f3xicos, hidrocarbonetos arom\u00e1ticos ou outras subst\u00e2ncias perigosas<\/strong> que podem incorporar-se com extrema facilidade no fumo e, posteriormente, depositar-se sobre qualquer tipo de superf\u00edcie.<\/p>\n<p>Os riscos para a sa\u00fade v\u00e3o al\u00e9m do fumo<\/p>\n<p>A exposi\u00e7\u00e3o prolongada a part\u00edculas t\u00f3xicas provenientes de inc\u00eandios florestais preocupa muito os especialistas em sa\u00fade p\u00fablica, uma vez que o cromo hexavalente tem sido associado in\u00fameras vezes a problemas respirat\u00f3rios como <strong>a asma, bronquites prolongadas ou repetidas e o potencial de desenvolvimento de cancro do pulm\u00e3o<\/strong>.<\/p>\n<p>As pessoas mais vulner\u00e1veis s\u00e3o as mesmas que, em caso de alerta: as crian\u00e7as, <strong>os idosos, as mulheres gr\u00e1vidas e as pessoas com doen\u00e7as respirat\u00f3rias ou cardiovasculares pr\u00e9-existentes<\/strong>.<\/p>\n<p>Refer\u00eancia da not\u00edcia<\/p>\n<p> Kleeman, M.J., Cappa, C.D., Green, P.G. et al. Airborne hexavalent chromium nanoparticles detected around cleanup zones for the 2025 Los Angeles wildfires. Commun Earth Environ (2026). <a href=\"https:\/\/www.nature.com\/articles\/s43247-026-03591-z#citeas\" target=\"_blank\" rel=\"nofollow noopener\">https:\/\/doi.org\/10.1038\/s43247-026-03591-z<\/a> <\/p>\n<p> <script async src=\"https:\/\/platform.twitter.com\/widgets.js\" charset=\"utf-8\"><\/script><\/p>\n","protected":false},"excerpt":{"rendered":"O fumo dos inc\u00eandios florestais cont\u00e9m part\u00edculas que s\u00e3o muito prejudiciais para a sa\u00fade e que permanecem no&hellip;\n","protected":false},"author":2,"featured_media":410191,"comment_status":"","ping_status":"","sticky":false,"template":"","format":"standard","meta":{"footnotes":"","_share_on_mastodon":"0"},"categories":[84],"tags":[109,107,108,24336,67382,9736,32,33,105,103,104,106,110],"class_list":["post-410190","post","type-post","status-publish","format-standard","has-post-thumbnail","category-ciencia-e-tecnologia","tag-ciencia","tag-ciencia-e-tecnologia","tag-cienciaetecnologia","tag-incendio-florestal","tag-poluentes","tag-poluicao-do-ar","tag-portugal","tag-pt","tag-science","tag-science-and-technology","tag-scienceandtechnology","tag-technology","tag-tecnologia"],"share_on_mastodon":{"url":"https:\/\/pubeurope.com\/@pt\/116712321435261700","error":""},"_links":{"self":[{"href":"https:\/\/www.europesays.com\/pt\/wp-json\/wp\/v2\/posts\/410190","targetHints":{"allow":["GET"]}}],"collection":[{"href":"https:\/\/www.europesays.com\/pt\/wp-json\/wp\/v2\/posts"}],"about":[{"href":"https:\/\/www.europesays.com\/pt\/wp-json\/wp\/v2\/types\/post"}],"author":[{"embeddable":true,"href":"https:\/\/www.europesays.com\/pt\/wp-json\/wp\/v2\/users\/2"}],"replies":[{"embeddable":true,"href":"https:\/\/www.europesays.com\/pt\/wp-json\/wp\/v2\/comments?post=410190"}],"version-history":[{"count":0,"href":"https:\/\/www.europesays.com\/pt\/wp-json\/wp\/v2\/posts\/410190\/revisions"}],"wp:featuredmedia":[{"embeddable":true,"href":"https:\/\/www.europesays.com\/pt\/wp-json\/wp\/v2\/media\/410191"}],"wp:attachment":[{"href":"https:\/\/www.europesays.com\/pt\/wp-json\/wp\/v2\/media?parent=410190"}],"wp:term":[{"taxonomy":"category","embeddable":true,"href":"https:\/\/www.europesays.com\/pt\/wp-json\/wp\/v2\/categories?post=410190"},{"taxonomy":"post_tag","embeddable":true,"href":"https:\/\/www.europesays.com\/pt\/wp-json\/wp\/v2\/tags?post=410190"}],"curies":[{"name":"wp","href":"https:\/\/api.w.org\/{rel}","templated":true}]}}