{"id":41021,"date":"2025-08-23T01:04:08","date_gmt":"2025-08-23T01:04:08","guid":{"rendered":"https:\/\/www.europesays.com\/pt\/41021\/"},"modified":"2025-08-23T01:04:08","modified_gmt":"2025-08-23T01:04:08","slug":"voce-sabia-classico-de-fafa-de-belem-emorio-ja-virou-hit-no-europeu","status":"publish","type":"post","link":"https:\/\/www.europesays.com\/pt\/41021\/","title":{"rendered":"Voc\u00ea sabia? Cl\u00e1ssico de Faf\u00e1 de Bel\u00e9m, \u201cEmori\u00f4\u201d, j\u00e1 virou hit no europeu"},"content":{"rendered":"<p>Com uma trajet\u00f3ria marcada por diversas can\u00e7\u00f5es em homenagem \u00e0 Bahia, <strong>Faf\u00e1 de Bel\u00e9m<\/strong>, que <a href=\"https:\/\/aloalobahia.com\/noticias\/2025\/08\/21\/fafa-de-belem-recebe-titulo-de-cidada-soteropolitana\/\" rel=\"nofollow noopener\" target=\"_blank\">nesta quinta-feira (21) recebeu o T\u00edtulo de Cidad\u00e3 Soteropolitana, na C\u00e2mara Municipal de Salvador<\/a>, viu um dos cl\u00e1ssicos de sua carreira ganhar fama internacional nos \u00faltimos anos. Trata-se de <strong>\u201cEmori\u00f4\u201d<\/strong>, faixa composta por <strong>Gilberto Gil<\/strong> e <strong>Jo\u00e3o Donato<\/strong>, lan\u00e7ada originalmente em 1975, que em 2023 conquistou as paradas de m\u00fasica eletr\u00f4nica pelo mundo.<\/p>\n<p>Em conversa exclusiva com o <strong>Al\u00f4 Al\u00f4 Bahia<\/strong>, a cantora paraense destacou o remix como um dos mais memor\u00e1vel de sua carreira. <strong>\u201c\u00c9 uma m\u00fasica que aconteceu um fen\u00f4meno raro, que tem que ser reverenciado\u201d<\/strong>, disse Faf\u00e1, ao falar sobre o sucesso da vers\u00e3o produzida pela dupla de DJs francesa <strong>Trinix<\/strong>.<\/p>\n<p>O hit, segundo a artista, nasceu de uma intera\u00e7\u00e3o despretensiosa com os DJs, que a contataram pelo Instagram para pedir libera\u00e7\u00e3o de sua voz e imagem.<\/p>\n<p><strong>\u201cEles ouviram \u2018Emori\u00f4\u2019 e queriam que eu liberasse para fazer o remix. Mas eu disse: \u2018Olha, a m\u00fasica n\u00e3o \u00e9 minha, o fonograma n\u00e3o \u00e9 meu\u2019. Encaminhei para o meu advogado. Depois, eles falaram que queriam a minha voz e imagem. Ent\u00e3o passei para a gravadora e, de repente, em junho, no pr\u00e9-ver\u00e3o europeu, come\u00e7a a tocar e vira uma loucura no mundo\u201d<\/strong>, conta.<\/p>\n<p>Impressionada com a repercuss\u00e3o global de uma faixa lan\u00e7ada h\u00e1 quase cinco d\u00e9cadas, Faf\u00e1 celebra a for\u00e7a da m\u00fasica baiana em sua vida. \u201cHoje, deve ter mais de 150 milh\u00f5es de streams, n\u00e9? Ent\u00e3o, voc\u00ea imagina, uma m\u00fasica que tem 50 anos, ouvida por dois jovens, um de 22 e 23 anos, e volta com uma pot\u00eancia gigantesca e embala os ver\u00f5es europeus.<strong> A for\u00e7a da m\u00fasica \u00e9 isso. E Emori\u00f4 tem essa pot\u00eancia, isso \u00e9 Bahia<\/strong>\u201c, comemora a cantora.<\/p>\n<p><strong>Assista o clipe do remix de \u201cEmori\u00f4\u201d<\/strong>:<\/p>\n","protected":false},"excerpt":{"rendered":"Com uma trajet\u00f3ria marcada por diversas can\u00e7\u00f5es em homenagem \u00e0 Bahia, Faf\u00e1 de Bel\u00e9m, que nesta quinta-feira (21)&hellip;\n","protected":false},"author":2,"featured_media":41022,"comment_status":"","ping_status":"","sticky":false,"template":"","format":"standard","meta":{"footnotes":""},"categories":[145],"tags":[211,210,114,115,32,33],"class_list":{"0":"post-41021","1":"post","2":"type-post","3":"status-publish","4":"format-standard","5":"has-post-thumbnail","7":"category-celebridades","8":"tag-celebridades","9":"tag-celebrities","10":"tag-entertainment","11":"tag-entretenimento","12":"tag-portugal","13":"tag-pt"},"share_on_mastodon":{"url":"","error":""},"_links":{"self":[{"href":"https:\/\/www.europesays.com\/pt\/wp-json\/wp\/v2\/posts\/41021","targetHints":{"allow":["GET"]}}],"collection":[{"href":"https:\/\/www.europesays.com\/pt\/wp-json\/wp\/v2\/posts"}],"about":[{"href":"https:\/\/www.europesays.com\/pt\/wp-json\/wp\/v2\/types\/post"}],"author":[{"embeddable":true,"href":"https:\/\/www.europesays.com\/pt\/wp-json\/wp\/v2\/users\/2"}],"replies":[{"embeddable":true,"href":"https:\/\/www.europesays.com\/pt\/wp-json\/wp\/v2\/comments?post=41021"}],"version-history":[{"count":0,"href":"https:\/\/www.europesays.com\/pt\/wp-json\/wp\/v2\/posts\/41021\/revisions"}],"wp:featuredmedia":[{"embeddable":true,"href":"https:\/\/www.europesays.com\/pt\/wp-json\/wp\/v2\/media\/41022"}],"wp:attachment":[{"href":"https:\/\/www.europesays.com\/pt\/wp-json\/wp\/v2\/media?parent=41021"}],"wp:term":[{"taxonomy":"category","embeddable":true,"href":"https:\/\/www.europesays.com\/pt\/wp-json\/wp\/v2\/categories?post=41021"},{"taxonomy":"post_tag","embeddable":true,"href":"https:\/\/www.europesays.com\/pt\/wp-json\/wp\/v2\/tags?post=41021"}],"curies":[{"name":"wp","href":"https:\/\/api.w.org\/{rel}","templated":true}]}}