{"id":41029,"date":"2025-08-23T01:12:21","date_gmt":"2025-08-23T01:12:21","guid":{"rendered":"https:\/\/www.europesays.com\/pt\/41029\/"},"modified":"2025-08-23T01:12:21","modified_gmt":"2025-08-23T01:12:21","slug":"tiago-rufino-revela-o-seu-favorito-a-vitoria-do-big-brother-verao","status":"publish","type":"post","link":"https:\/\/www.europesays.com\/pt\/41029\/","title":{"rendered":"Tiago Rufino revela o seu favorito \u00e0 vit\u00f3ria do Big Brother Ver\u00e3o"},"content":{"rendered":"<p>\t\t\t\t\t\t\t\t\t\t\t\t<a href=\"#\" onclick=\"window.open('http:\/\/www.facebook.com\/sharer.php?u=https:\/\/cusquices.com\/tiago-rufino-revela-o-seu-favorito-a-vitoria-do-big-brother-verao\/&amp;t=Tiago Rufino revela o seu favorito \u00e0 vit\u00f3ria do Big Brother Ver\u00e3o', 'facebookShare', 'width=626,height=436'); return false;\" title=\"Share on Facebook\"><\/p>\n<p>Share<\/p>\n<p><\/a><br \/>\n\t\t\t\t\t\t\t\t\t\t\t\t<a href=\"#\" onclick=\"window.open('http:\/\/twitter.com\/share?text=Tiago Rufino revela o seu favorito \u00e0 vit\u00f3ria do Big Brother Ver\u00e3o -&amp;url=https:\/\/cusquices.com\/tiago-rufino-revela-o-seu-favorito-a-vitoria-do-big-brother-verao\/', 'twitterShare', 'width=626,height=436'); return false;\" title=\"Tweet This Post\"><\/p>\n<p>Tweet<\/p>\n<p><\/a><br \/>\n\t\t\t\t\t\t\t\t\t\t\t\t<a href=\"whatsapp:\/\/send?text=Tiago Rufino revela o seu favorito \u00e0 vit\u00f3ria do Big Brother Ver\u00e3o https:\/\/cusquices.com\/tiago-rufino-revela-o-seu-favorito-a-vitoria-do-big-brother-verao\/\" rel=\"nofollow\"><\/p>\n<p>Share<\/p>\n<p><\/a><br \/>\n\t\t\t\t\t\t\t\t\t\t\t\t<a href=\"#\" onclick=\"window.open('http:\/\/pinterest.com\/pin\/create\/button\/?url=https:\/\/cusquices.com\/tiago-rufino-revela-o-seu-favorito-a-vitoria-do-big-brother-verao\/&amp;media=https:\/\/cusquices.com\/wp-content\/uploads\/2025\/03\/tiagor-1000x600.png&amp;description=Tiago Rufino revela o seu favorito \u00e0 vit\u00f3ria do Big Brother Ver\u00e3o', 'pinterestShare', 'width=750,height=350'); return false;\" title=\"Pin This Post\"><\/p>\n<p>Share<\/p>\n<p><\/a><br \/>\n\t\t\t\t\t\t\t\t\t\t\t\t<a href=\"mailto:?subject=Tiago Rufino revela o seu favorito \u00e0 vit\u00f3ria do Big Brother Ver\u00e3o&amp;BODY=I found this article interesting and thought of sharing it with you. Check it out: https:\/\/cusquices.com\/tiago-rufino-revela-o-seu-favorito-a-vitoria-do-big-brother-verao\/\"><\/p>\n<p>Email<\/p>\n<p><\/a><br \/>\n\t\t\t\t\t\t\t\t\t\t\t\t\t\t\t\t\t\t\t\t\t\t\t\t\t\t\t\t\t\t\t\t\t\t\t\t\t\t\t\t\t\t\t\t\t\t\t\t\t\t\t\t\t<a href=\"https:\/\/cusquices.com\/tiago-rufino-revela-o-seu-favorito-a-vitoria-do-big-brother-verao\/#respond\" rel=\"nofollow noopener\" target=\"_blank\"><\/p>\n<p>Tiago Rufino revela quem gostava que fosse o vencedor do Big Brother Ver\u00e3o.<\/p>\n<p>O <strong>Big Brother Ver\u00e3o <\/strong>aproxima-se a passos largos da grande final. A TVI j\u00e1 revelou que a grande final do reality show vai acontecer dia 12 de setembro e pela primeira vez a \u00faltima gala ser\u00e1 ao ar livre, no \u2018Parque dos Poetas\u2019, em Oeiras. Os f\u00e3s dos reality shows j\u00e1 fazem as suas apostas sobre quem ser\u00e1 o grande vencedor do reality show e em jogo continuam: <strong>Afonso Leit\u00e3o, Ana Duarte, Bruna, Catarina Miranda, J\u00e9ssica Vieira<\/strong>, <strong>Kina e Viriato Quintela<\/strong>.<\/p>\n<p><strong>Tiago Rufino<\/strong>, ex-concorrente da \u2018Casa dos Segredos\u2019, tem-se mostrado atento ao Big Brother Ver\u00e3o e em conversa com os seguidores nas suas redes sociais acabou por revelar quem gostava que vencesse o reality show.<\/p>\n<p>Tiago Rufino est\u00e1 a torcer por Afonso Leit\u00e3o, apesar de n\u00e3o estar a gostar do jogo que o concorrente est\u00e1 a ter: <strong>\u201cPor o conhecer e saber o que ele \u00e9 c\u00e1 fora! O Afonso Leit\u00e3o. N\u00e3o gosto muito do estilo de jogo que levou neste programa, mas em muitas coisas ainda consigo ver o Afonso que conheci. N\u00e3o conhe\u00e7o nenhum dos outros pessoalmente.\u201d<\/strong><\/p>\n<p><strong>Leia tamb\u00e9m:<\/strong><\/p>\n<p>\t\t\t\t\t\t\t\t\t\t\t\t\t\t\t\t\t\t\t\t\t\t\t\t\t<img decoding=\"async\" src=\"https:\/\/www.europesays.com\/pt\/wp-content\/uploads\/2025\/07\/cusquices-logo-52x.png\" class=\"webpexpress-processed\"\/><\/p>\n<p>\t\t\t\t\t\t\t\t\t\t\t\t\t\t\t\t\t\t\t\t\t            \t\t\t\t\t\t\t\t\t\t\t\t\t\t\t\t\t\t\t\t\t\t\t\t\t\t\t\t\t\t\t\t\t\t\t\t\t\t\t<script async src=\"https:\/\/platform.twitter.com\/widgets.js\" charset=\"utf-8\"><\/script><\/p>\n","protected":false},"excerpt":{"rendered":"Share Tweet Share Share Email Tiago Rufino revela quem gostava que fosse o vencedor do Big Brother Ver\u00e3o.&hellip;\n","protected":false},"author":2,"featured_media":41030,"comment_status":"","ping_status":"","sticky":false,"template":"","format":"standard","meta":{"footnotes":""},"categories":[85],"tags":[2031,48,49,114,115,32,33,2162],"class_list":{"0":"post-41029","1":"post","2":"type-post","3":"status-publish","4":"format-standard","5":"has-post-thumbnail","7":"category-entretenimento","8":"tag-afonso-leitao","9":"tag-big-brother","10":"tag-destaques","11":"tag-entertainment","12":"tag-entretenimento","13":"tag-portugal","14":"tag-pt","15":"tag-tiago-rufino"},"share_on_mastodon":{"url":"","error":""},"_links":{"self":[{"href":"https:\/\/www.europesays.com\/pt\/wp-json\/wp\/v2\/posts\/41029","targetHints":{"allow":["GET"]}}],"collection":[{"href":"https:\/\/www.europesays.com\/pt\/wp-json\/wp\/v2\/posts"}],"about":[{"href":"https:\/\/www.europesays.com\/pt\/wp-json\/wp\/v2\/types\/post"}],"author":[{"embeddable":true,"href":"https:\/\/www.europesays.com\/pt\/wp-json\/wp\/v2\/users\/2"}],"replies":[{"embeddable":true,"href":"https:\/\/www.europesays.com\/pt\/wp-json\/wp\/v2\/comments?post=41029"}],"version-history":[{"count":0,"href":"https:\/\/www.europesays.com\/pt\/wp-json\/wp\/v2\/posts\/41029\/revisions"}],"wp:featuredmedia":[{"embeddable":true,"href":"https:\/\/www.europesays.com\/pt\/wp-json\/wp\/v2\/media\/41030"}],"wp:attachment":[{"href":"https:\/\/www.europesays.com\/pt\/wp-json\/wp\/v2\/media?parent=41029"}],"wp:term":[{"taxonomy":"category","embeddable":true,"href":"https:\/\/www.europesays.com\/pt\/wp-json\/wp\/v2\/categories?post=41029"},{"taxonomy":"post_tag","embeddable":true,"href":"https:\/\/www.europesays.com\/pt\/wp-json\/wp\/v2\/tags?post=41029"}],"curies":[{"name":"wp","href":"https:\/\/api.w.org\/{rel}","templated":true}]}}