{"id":41033,"date":"2025-08-23T01:18:08","date_gmt":"2025-08-23T01:18:08","guid":{"rendered":"https:\/\/www.europesays.com\/pt\/41033\/"},"modified":"2025-08-23T01:18:08","modified_gmt":"2025-08-23T01:18:08","slug":"apresentador-perde-na-justica-apos-polemica-com-o-sbt","status":"publish","type":"post","link":"https:\/\/www.europesays.com\/pt\/41033\/","title":{"rendered":"apresentador perde na Justi\u00e7a ap\u00f3s pol\u00eamica com o SBT"},"content":{"rendered":"<p class=\"bullet mt-0\" data-v-232111b4=\"\"><strong>Mesmo sem comprovar que fato \u00e9 verdadeiro, reportagem n\u00e3o distorceu fatos ou apresentou neglig\u00eancia na apura\u00e7\u00e3o jornal\u00edstica, segundo a avalia\u00e7\u00e3o.<\/strong> O documento tamb\u00e9m refor\u00e7a que Rodrigo Faro poderia ter solicitado o pedido de resposta ao ve\u00edculo de imprensa, o que n\u00e3o foi feito ap\u00f3s a publica\u00e7\u00e3o.<\/p>\n<p class=\"bullet\" data-v-232111b4=\"\"><strong>Publica\u00e7\u00e3o da mat\u00e9ria n\u00e3o dependia de consulta ao artista, segundo decis\u00e3o judicial. <\/strong>Rodrigo Faro n\u00e3o comprovou que houve abuso de direito ou a inten\u00e7\u00e3o de desqualificar seu nome, ou imagem, o que tornou a indeniza\u00e7\u00e3o desnecess\u00e1ria.<\/p>\n<p class=\"bullet\" data-v-232111b4=\"\"><strong>Decis\u00e3o judicial sobre o caso foi divulgada no dia 1\u00ba de agosto.<\/strong> A equipe jur\u00eddica de Rodrigo Faro recebeu prazo de dez dias para recorrer, mas ainda n\u00e3o h\u00e1 registros de que direito foi exercido no sistema do Tribunal de Justi\u00e7a de S\u00e3o Paulo.<\/p>\n<p class=\"bullet\" data-v-232111b4=\"\"><strong>Splash entrou em contato com a equipe de Rodrigo Faro. <\/strong>A reportagem ser\u00e1 atualizada caso apresentador se manifeste oficialmente sobre o caso.<\/p>\n","protected":false},"excerpt":{"rendered":"Mesmo sem comprovar que fato \u00e9 verdadeiro, reportagem n\u00e3o distorceu fatos ou apresentou neglig\u00eancia na apura\u00e7\u00e3o jornal\u00edstica, segundo&hellip;\n","protected":false},"author":2,"featured_media":41034,"comment_status":"","ping_status":"","sticky":false,"template":"","format":"standard","meta":{"footnotes":""},"categories":[145],"tags":[211,210,114,115,32,33],"class_list":{"0":"post-41033","1":"post","2":"type-post","3":"status-publish","4":"format-standard","5":"has-post-thumbnail","7":"category-celebridades","8":"tag-celebridades","9":"tag-celebrities","10":"tag-entertainment","11":"tag-entretenimento","12":"tag-portugal","13":"tag-pt"},"share_on_mastodon":{"url":"","error":""},"_links":{"self":[{"href":"https:\/\/www.europesays.com\/pt\/wp-json\/wp\/v2\/posts\/41033","targetHints":{"allow":["GET"]}}],"collection":[{"href":"https:\/\/www.europesays.com\/pt\/wp-json\/wp\/v2\/posts"}],"about":[{"href":"https:\/\/www.europesays.com\/pt\/wp-json\/wp\/v2\/types\/post"}],"author":[{"embeddable":true,"href":"https:\/\/www.europesays.com\/pt\/wp-json\/wp\/v2\/users\/2"}],"replies":[{"embeddable":true,"href":"https:\/\/www.europesays.com\/pt\/wp-json\/wp\/v2\/comments?post=41033"}],"version-history":[{"count":0,"href":"https:\/\/www.europesays.com\/pt\/wp-json\/wp\/v2\/posts\/41033\/revisions"}],"wp:featuredmedia":[{"embeddable":true,"href":"https:\/\/www.europesays.com\/pt\/wp-json\/wp\/v2\/media\/41034"}],"wp:attachment":[{"href":"https:\/\/www.europesays.com\/pt\/wp-json\/wp\/v2\/media?parent=41033"}],"wp:term":[{"taxonomy":"category","embeddable":true,"href":"https:\/\/www.europesays.com\/pt\/wp-json\/wp\/v2\/categories?post=41033"},{"taxonomy":"post_tag","embeddable":true,"href":"https:\/\/www.europesays.com\/pt\/wp-json\/wp\/v2\/tags?post=41033"}],"curies":[{"name":"wp","href":"https:\/\/api.w.org\/{rel}","templated":true}]}}