{"id":41036,"date":"2025-08-23T01:24:04","date_gmt":"2025-08-23T01:24:04","guid":{"rendered":"https:\/\/www.europesays.com\/pt\/41036\/"},"modified":"2025-08-23T01:24:04","modified_gmt":"2025-08-23T01:24:04","slug":"estatua-de-cristiano-ronaldo-equipada-a-rigor-para-receber-o-sporting-i-liga","status":"publish","type":"post","link":"https:\/\/www.europesays.com\/pt\/41036\/","title":{"rendered":"Est\u00e1tua de Cristiano Ronaldo equipada a rigor para receber o Sporting &#8211; I Liga"},"content":{"rendered":"<p>Na desloca\u00e7\u00e3o \u00e0 Madeira e assim que aterre no aeroporto do Funchal a comitiva leonina vai contar na rece\u00e7\u00e3o, no Aeroporto do Funchal, com o busto de Cristiano Ronaldo, grande bandeira do clube, vestido com a camisola que os le\u00f5es ir\u00e3o estrear no pr\u00f3ximo s\u00e1bado no embate frente ao Nacional.<\/p>\n<p>A comitiva partiu ao final da tarde do aeroporto e Beja e a\u00ed os eleitos de Rui Borges ir\u00e3o dar de caras com o busto da figura de CR7, uma dos grandes pontos de atra\u00e7\u00e3o do aeroporto local. O busto do craque luso foi equipado com o novo terceiro equipamento dos le\u00f5es.<\/p>\n","protected":false},"excerpt":{"rendered":"Na desloca\u00e7\u00e3o \u00e0 Madeira e assim que aterre no aeroporto do Funchal a comitiva leonina vai contar na&hellip;\n","protected":false},"author":2,"featured_media":41037,"comment_status":"","ping_status":"","sticky":false,"template":"","format":"standard","meta":{"footnotes":""},"categories":[87],"tags":[135,32,33,134],"class_list":{"0":"post-41036","1":"post","2":"type-post","3":"status-publish","4":"format-standard","5":"has-post-thumbnail","7":"category-desporto","8":"tag-desporto","9":"tag-portugal","10":"tag-pt","11":"tag-sports"},"share_on_mastodon":{"url":"","error":""},"_links":{"self":[{"href":"https:\/\/www.europesays.com\/pt\/wp-json\/wp\/v2\/posts\/41036","targetHints":{"allow":["GET"]}}],"collection":[{"href":"https:\/\/www.europesays.com\/pt\/wp-json\/wp\/v2\/posts"}],"about":[{"href":"https:\/\/www.europesays.com\/pt\/wp-json\/wp\/v2\/types\/post"}],"author":[{"embeddable":true,"href":"https:\/\/www.europesays.com\/pt\/wp-json\/wp\/v2\/users\/2"}],"replies":[{"embeddable":true,"href":"https:\/\/www.europesays.com\/pt\/wp-json\/wp\/v2\/comments?post=41036"}],"version-history":[{"count":0,"href":"https:\/\/www.europesays.com\/pt\/wp-json\/wp\/v2\/posts\/41036\/revisions"}],"wp:featuredmedia":[{"embeddable":true,"href":"https:\/\/www.europesays.com\/pt\/wp-json\/wp\/v2\/media\/41037"}],"wp:attachment":[{"href":"https:\/\/www.europesays.com\/pt\/wp-json\/wp\/v2\/media?parent=41036"}],"wp:term":[{"taxonomy":"category","embeddable":true,"href":"https:\/\/www.europesays.com\/pt\/wp-json\/wp\/v2\/categories?post=41036"},{"taxonomy":"post_tag","embeddable":true,"href":"https:\/\/www.europesays.com\/pt\/wp-json\/wp\/v2\/tags?post=41036"}],"curies":[{"name":"wp","href":"https:\/\/api.w.org\/{rel}","templated":true}]}}