{"id":41040,"date":"2025-08-23T01:32:10","date_gmt":"2025-08-23T01:32:10","guid":{"rendered":"https:\/\/www.europesays.com\/pt\/41040\/"},"modified":"2025-08-23T01:32:10","modified_gmt":"2025-08-23T01:32:10","slug":"desimpedidos-perdeu-a-oportunidade-de-ser-o-caze-diz-um-dos-criadores-do-canal","status":"publish","type":"post","link":"https:\/\/www.europesays.com\/pt\/41040\/","title":{"rendered":"\u2018Desimpedidos perdeu a oportunidade de ser o Caz\u00e9\u2019, diz um dos criadores do canal"},"content":{"rendered":"<p>O <strong>Bate-Bola com Rizzo<\/strong> desta semana conta com Andr\u00e9 Barros, co-CEO da <strong>N Sports<\/strong> e um dos criadores do canal <strong>Desimpedidos<\/strong>, que inovou na forma de cobrir esportes no meio digital.<\/p>\n<p>Para Barros, o canal poderia ser o equivalente ao que a Caz\u00e9TV \u00e9 hoje, com a mistura de entretenimento e transmiss\u00e3o. \u201cO Desimpedidos, falando uma dor, digamos assim, talvez tenha perdido uma grande oportunidade de ser o Caz\u00e9\u201d, disse.<\/p>\n<p>\u201cJ\u00e1 era um dos maiores canais de esportes da Am\u00e9rica Latina em 2022, quando o Caz\u00e9 come\u00e7ou a ganhar proje\u00e7\u00e3o em direitos esportivos, com a Copa do Mundo. Talvez o ve\u00edculo que estivesse mais preparado para isso \u00e0 \u00e9poca acabou n\u00e3o aproveitando essa onda\u201d analisa.<\/p>\n","protected":false},"excerpt":{"rendered":"O Bate-Bola com Rizzo desta semana conta com Andr\u00e9 Barros, co-CEO da N Sports e um dos criadores&hellip;\n","protected":false},"author":2,"featured_media":41041,"comment_status":"","ping_status":"","sticky":false,"template":"","format":"standard","meta":{"footnotes":""},"categories":[145],"tags":[211,210,114,115,32,33,1711],"class_list":{"0":"post-41040","1":"post","2":"type-post","3":"status-publish","4":"format-standard","5":"has-post-thumbnail","7":"category-celebridades","8":"tag-celebridades","9":"tag-celebrities","10":"tag-entertainment","11":"tag-entretenimento","12":"tag-portugal","13":"tag-pt","14":"tag-sample"},"share_on_mastodon":{"url":"","error":""},"_links":{"self":[{"href":"https:\/\/www.europesays.com\/pt\/wp-json\/wp\/v2\/posts\/41040","targetHints":{"allow":["GET"]}}],"collection":[{"href":"https:\/\/www.europesays.com\/pt\/wp-json\/wp\/v2\/posts"}],"about":[{"href":"https:\/\/www.europesays.com\/pt\/wp-json\/wp\/v2\/types\/post"}],"author":[{"embeddable":true,"href":"https:\/\/www.europesays.com\/pt\/wp-json\/wp\/v2\/users\/2"}],"replies":[{"embeddable":true,"href":"https:\/\/www.europesays.com\/pt\/wp-json\/wp\/v2\/comments?post=41040"}],"version-history":[{"count":0,"href":"https:\/\/www.europesays.com\/pt\/wp-json\/wp\/v2\/posts\/41040\/revisions"}],"wp:featuredmedia":[{"embeddable":true,"href":"https:\/\/www.europesays.com\/pt\/wp-json\/wp\/v2\/media\/41041"}],"wp:attachment":[{"href":"https:\/\/www.europesays.com\/pt\/wp-json\/wp\/v2\/media?parent=41040"}],"wp:term":[{"taxonomy":"category","embeddable":true,"href":"https:\/\/www.europesays.com\/pt\/wp-json\/wp\/v2\/categories?post=41040"},{"taxonomy":"post_tag","embeddable":true,"href":"https:\/\/www.europesays.com\/pt\/wp-json\/wp\/v2\/tags?post=41040"}],"curies":[{"name":"wp","href":"https:\/\/api.w.org\/{rel}","templated":true}]}}