{"id":410402,"date":"2026-06-08T09:37:43","date_gmt":"2026-06-08T09:37:43","guid":{"rendered":"https:\/\/www.europesays.com\/pt\/410402\/"},"modified":"2026-06-08T09:37:43","modified_gmt":"2026-06-08T09:37:43","slug":"filho-de-goncalo-ramos-ja-tem-um-ano-e-celebra-com-bolo-original","status":"publish","type":"post","link":"https:\/\/www.europesays.com\/pt\/410402\/","title":{"rendered":"Filho de Gon\u00e7alo Ramos j\u00e1 tem um ano&#8230; e celebra com bolo original!"},"content":{"rendered":"<p>O passado s\u00e1bado, dia 6, foi de festa para <a href=\"https:\/\/selfie.iol.pt\/famosos\/cristiano-ronaldo\/jogador-da-selecao-nacional-casa-se-apos-mundial-e-nao-falamos-de-cristiano-ronaldo\/20260127\/6978b36ed34e92a344981064\" target=\"_blank\" rel=\"nofollow noopener\">Gon\u00e7alo Ramos<\/a> e Margarida Amaral Domingues, que celebraram o primeiro anivers\u00e1rio do filho, Bernardo.<\/p>\n<p>No Instagram, a m\u00e3e babada partilhou fotos da festa de anos do beb\u00e9, destacando-se o bolo original, que conta com uma imagem ampla do aniversariante.<\/p>\n<p>&#8220;Para mim, vais ter sempre 48 cm, 3kg138 e a hora ser\u00e1 sempre 15:24 horas. Um ano de ti. Um ano de n\u00f3s. Para sempre o nosso beb\u00e9&#8221;, escreveu na legenda.<\/p>\n<p>Veja, agora, as imagens partilhadas por Margarida Amaral Domingues na galeria de fotografias que prepar\u00e1mos para si.<\/p>\n","protected":false},"excerpt":{"rendered":"O passado s\u00e1bado, dia 6, foi de festa para Gon\u00e7alo Ramos e Margarida Amaral Domingues, que celebraram o&hellip;\n","protected":false},"author":2,"featured_media":410403,"comment_status":"","ping_status":"","sticky":false,"template":"","format":"standard","meta":{"footnotes":"","_share_on_mastodon":"0"},"categories":[145],"tags":[996,10584,211,210,114,115,981,980,1870,524,7266,1015,67408,619,32,33,1012],"class_list":["post-410402","post","type-post","status-publish","format-standard","has-post-thumbnail","category-celebridades","tag-aniversario","tag-bolo","tag-celebridades","tag-celebrities","tag-entertainment","tag-entretenimento","tag-familia","tag-famosos","tag-filhos","tag-futebol","tag-goncalo-ramos","tag-instagram","tag-margarida-amaral-domingues","tag-nacional","tag-portugal","tag-pt","tag-selfie"],"share_on_mastodon":{"url":"https:\/\/pubeurope.com\/@pt\/116713818970919580","error":""},"_links":{"self":[{"href":"https:\/\/www.europesays.com\/pt\/wp-json\/wp\/v2\/posts\/410402","targetHints":{"allow":["GET"]}}],"collection":[{"href":"https:\/\/www.europesays.com\/pt\/wp-json\/wp\/v2\/posts"}],"about":[{"href":"https:\/\/www.europesays.com\/pt\/wp-json\/wp\/v2\/types\/post"}],"author":[{"embeddable":true,"href":"https:\/\/www.europesays.com\/pt\/wp-json\/wp\/v2\/users\/2"}],"replies":[{"embeddable":true,"href":"https:\/\/www.europesays.com\/pt\/wp-json\/wp\/v2\/comments?post=410402"}],"version-history":[{"count":0,"href":"https:\/\/www.europesays.com\/pt\/wp-json\/wp\/v2\/posts\/410402\/revisions"}],"wp:featuredmedia":[{"embeddable":true,"href":"https:\/\/www.europesays.com\/pt\/wp-json\/wp\/v2\/media\/410403"}],"wp:attachment":[{"href":"https:\/\/www.europesays.com\/pt\/wp-json\/wp\/v2\/media?parent=410402"}],"wp:term":[{"taxonomy":"category","embeddable":true,"href":"https:\/\/www.europesays.com\/pt\/wp-json\/wp\/v2\/categories?post=410402"},{"taxonomy":"post_tag","embeddable":true,"href":"https:\/\/www.europesays.com\/pt\/wp-json\/wp\/v2\/tags?post=410402"}],"curies":[{"name":"wp","href":"https:\/\/api.w.org\/{rel}","templated":true}]}}